{"id":15222,"date":"2022-11-04T19:13:04","date_gmt":"2022-11-04T19:13:04","guid":{"rendered":"https:\/\/comandogeraldanoticia.com.br\/index.php\/2022\/11\/04\/deputado-frances-de-extrema-direita-diz-volte-para-a-africa-a-colega-assembleia-corta-salario-e-o-proibe-de-entrar-no-recinto\/"},"modified":"2022-11-04T19:13:04","modified_gmt":"2022-11-04T19:13:04","slug":"deputado-frances-de-extrema-direita-diz-volte-para-a-africa-a-colega-assembleia-corta-salario-e-o-proibe-de-entrar-no-recinto","status":"publish","type":"post","link":"https:\/\/comandogeraldanoticia.com.br\/index.php\/2022\/11\/04\/deputado-frances-de-extrema-direita-diz-volte-para-a-africa-a-colega-assembleia-corta-salario-e-o-proibe-de-entrar-no-recinto\/","title":{"rendered":"Deputado franc\u00eas de extrema direita diz &#8216;volte para a \u00c1frica&#8217; a colega; Assembleia corta sal\u00e1rio e o pro\u00edbe de entrar no recinto"},"content":{"rendered":"<p><img decoding=\"async\" src=\"https:\/\/s2.glbimg.com\/V1QEf4vvldW3Llimh6bz37ZXGrw=\/i.s3.glbimg.com\/v1\/AUTH_59edd422c0c84a879bd37670ae4f538a\/internal_photos\/bs\/2022\/H\/G\/IBCIFJRuy4OPDCtP8DAg\/2022-11-04t140724z-574609218-rc21fx9br9li-rtrmadp-3-france-politics-racism.jpg\"><br \/>   Quem gritou foi Gregoire de Fournas, um parlamentar do partido Reagrupamento Nacional, de Marine Le Pen. O deputado franc\u00eas Carlos Martens Bilongo ouviu &#8216;volte para a \u00c1frica&#8217; de um colega de Assembleia Nacional<br \/>\nManuel Ausloos\/Reuters<br \/>\nA Assembleia Nacional Francesa cortou o sal\u00e1rio de um deputado de extrema direita e o proibiu temporariamente de entrar no ambiente legislativo por ele ter berrado \u201cvolte pra \u00c1frica\u201d a um colega dele que estava discursando durante uma sess\u00e3o.<br \/>\nQuem gritou foi Gregoire de Fournas, um parlamentar do partido Reagrupamento Nacional.<br \/>\nCompartilhe esta reportagem pelo WhatsApp<br \/>\nCompartilhe esta reportagem pelo Telegram<br \/>\nO deputado de esquerda que foi interrompido era Carlos Martens Bilongo. Ele fazia uma pergunta sobre imigra\u00e7\u00e3o.<br \/>\nO insulto de Fournas foi qualificado como racista e inaceit\u00e1vel pelo governo da Fran\u00e7a, pela esquerda na Assembleia e tamb\u00e9m pela direita.<br \/>\nA extrema direita negou que de Fournas tenha dirigido suas palavras a Martens Bilongo, dizendo que se referia a migrantes da \u00c1frica atualmente presos em um barco de ONG no Mediterr\u00e2neo, e que n\u00e3o havia nada de errado nisso.<br \/>\nA Assembleia Nacional votou a favor das san\u00e7\u00e3o a Fournas \u2014todos os partidos aprovaram a medida, exceto o Reagrupamento Nacional.<br \/>\nA presidente da Assembleia Nacional, Yael Braun-Pivet, afirmou que o debate democr\u00e1tico livre n\u00e3o permite tudo, e que o racismo, especialmente, \u00e9 uma das coisas que est\u00e3o proibidas.<br \/>\nFournas perder\u00e1 metade de seu sal\u00e1rio por dois meses e ser\u00e1 proibido de entrar na assembleia por 15 dias.<br \/>\nEssa foi a segunda san\u00e7\u00e3o imposta desse tipo que o parlamento franc\u00eas j\u00e1 imp\u00f4s.<br \/>\nCentenas de manifestantes se reuniram em frente ao Parlamento na sexta-feira antes da decis\u00e3o das san\u00e7\u00f5es.<br \/>\nPartido de Le Pen<br \/>\nO Reagrupamento Nacional \u00e9 o partido de Marine Le Pen. \u00c9 o segundo maior na Assembleia, com 89 parlamentares. O partido rejeitou as acusa\u00e7\u00f5es de racismo, e acusou os oponentes de deturpar o que Fournas disse.<br \/>\nLe Pen tentou desintoxicar a imagem de seu partido e convencer os eleitores de que ela se moveu para o centro nos \u00faltimos anos. Ela pediu aos parlamentares que ajudem a continuar projetando uma imagem mais moderada.<br \/>\nNo governo e na esquerda disseram que os coment\u00e1rios de Fournas e a rea\u00e7\u00e3o de seu partido mostraram a verdadeira face de um partido que n\u00e3o mudou de verdade.<br \/>\nVeja os v\u00eddeos mais assistidos do g1<\/p>\n","protected":false},"excerpt":{"rendered":"<p>Quem gritou foi Gregoire de Fournas, um parlamentar do partido Reagrupamento Nacional, de Marine Le Pen. O deputado franc\u00eas Carlos Martens Bilongo ouviu &#8216;volte para a \u00c1frica&#8217; de um colega de Assembleia Nacional Manuel Ausloos\/Reuters A Assembleia Nacional Francesa cortou o sal\u00e1rio de um deputado de extrema direita e o proibiu temporariamente de entrar no<\/p>\n","protected":false},"author":1,"featured_media":15223,"comment_status":"open","ping_status":"open","sticky":false,"template":"","format":"standard","meta":{"om_disable_all_campaigns":false,"_monsterinsights_skip_tracking":false,"_monsterinsights_sitenote_active":false,"_monsterinsights_sitenote_note":"","_monsterinsights_sitenote_category":0,"footnotes":""},"categories":[47],"tags":[],"class_list":{"0":"post-15222","1":"post","2":"type-post","3":"status-publish","4":"format-standard","5":"has-post-thumbnail","7":"category-mundo"},"_links":{"self":[{"href":"https:\/\/comandogeraldanoticia.com.br\/index.php\/wp-json\/wp\/v2\/posts\/15222","targetHints":{"allow":["GET"]}}],"collection":[{"href":"https:\/\/comandogeraldanoticia.com.br\/index.php\/wp-json\/wp\/v2\/posts"}],"about":[{"href":"https:\/\/comandogeraldanoticia.com.br\/index.php\/wp-json\/wp\/v2\/types\/post"}],"author":[{"embeddable":true,"href":"https:\/\/comandogeraldanoticia.com.br\/index.php\/wp-json\/wp\/v2\/users\/1"}],"replies":[{"embeddable":true,"href":"https:\/\/comandogeraldanoticia.com.br\/index.php\/wp-json\/wp\/v2\/comments?post=15222"}],"version-history":[{"count":0,"href":"https:\/\/comandogeraldanoticia.com.br\/index.php\/wp-json\/wp\/v2\/posts\/15222\/revisions"}],"wp:featuredmedia":[{"embeddable":true,"href":"https:\/\/comandogeraldanoticia.com.br\/index.php\/wp-json\/wp\/v2\/media\/15223"}],"wp:attachment":[{"href":"https:\/\/comandogeraldanoticia.com.br\/index.php\/wp-json\/wp\/v2\/media?parent=15222"}],"wp:term":[{"taxonomy":"category","embeddable":true,"href":"https:\/\/comandogeraldanoticia.com.br\/index.php\/wp-json\/wp\/v2\/categories?post=15222"},{"taxonomy":"post_tag","embeddable":true,"href":"https:\/\/comandogeraldanoticia.com.br\/index.php\/wp-json\/wp\/v2\/tags?post=15222"}],"curies":[{"name":"wp","href":"https:\/\/api.w.org\/{rel}","templated":true}]}}