{"id":15218,"date":"2022-11-04T18:12:15","date_gmt":"2022-11-04T18:12:15","guid":{"rendered":"https:\/\/comandogeraldanoticia.com.br\/index.php\/2022\/11\/04\/ultima-formacao-consolida-1a-fase-do-projeto-adolescente-do-futuro\/"},"modified":"2022-11-04T18:12:15","modified_gmt":"2022-11-04T18:12:15","slug":"ultima-formacao-consolida-1a-fase-do-projeto-adolescente-do-futuro","status":"publish","type":"post","link":"https:\/\/comandogeraldanoticia.com.br\/index.php\/2022\/11\/04\/ultima-formacao-consolida-1a-fase-do-projeto-adolescente-do-futuro\/","title":{"rendered":"\u00daltima forma\u00e7\u00e3o consolida 1\u00aa fase do Projeto Adolescente do Futuro"},"content":{"rendered":"<p>Na pr\u00f3xima segunda-feira (7\/11), estudantes de 13 escolas municipais participam de forma\u00e7\u00e3o em torno do eixo tem\u00e1tico \u201cPol\u00edticas P\u00fablicas e o Poder Executivo\u201d. Servidores das secretarias da Sa\u00fade (Sesau), do Desenvolvimento Social e Cidadania (Sedes) e da Educa\u00e7\u00e3o (Seduc) atuam como facilitadores neste encontro, que acontece \u00e0s 13h30, no Teatro Alberto Martins. A promo\u00e7\u00e3o \u00e9 do Grupo de Trabalho Coordenador (GTC) da 7\u00aa edi\u00e7\u00e3o do Programa Prefeito Amigo da Crian\u00e7a (PPAC).<\/p>\n<p>Desde julho, mais de 100 alunos da rede p\u00fablica municipal v\u00eam sendo mobilizados, a cada encontro, em torno de diversas tem\u00e1ticas. O objetivo \u00e9 instrumentalizar a juventude, de modo que possa atuar como multiplicadora e sensibilizadora dentro das unidades escolares em que os estudantes est\u00e3o regularmente matriculados, rumo ao F\u00f3rum do Adolescente, marcado para o dia 30 de novembro, no Teatro da Cidade do Saber.<\/p>\n<p>Atuam como facilitadores, a enfermeira Elaine Teixeira, a assistente social, Lilian Moura, e o pedagogo Marcio Vila Flor. Al\u00e9m de Pol\u00edticas P\u00fablicas e o Poder Executivo, foram eixos tem\u00e1ticos formativos: Economia Criativa, Inova\u00e7\u00e3o e Tecnologia, Forma\u00e7\u00e3o para o Mundo do Trabalho e Empreendedorismo Jovem. Nesta segunda-feira o projeto avan\u00e7a para a segunda fase, na qual ainda est\u00e3o previstas visitas aos poderes Legislativo e Judici\u00e1rio.<\/p>\n","protected":false},"excerpt":{"rendered":"<p>Na pr\u00f3xima segunda-feira (7\/11), estudantes de 13 escolas municipais participam de forma\u00e7\u00e3o em torno do eixo tem\u00e1tico \u201cPol\u00edticas P\u00fablicas e o Poder Executivo\u201d. Servidores das secretarias da Sa\u00fade (Sesau), do Desenvolvimento Social e Cidadania (Sedes) e da Educa\u00e7\u00e3o (Seduc) atuam como facilitadores neste encontro, que acontece \u00e0s 13h30, no Teatro Alberto Martins. A promo\u00e7\u00e3o \u00e9<\/p>\n","protected":false},"author":1,"featured_media":15219,"comment_status":"open","ping_status":"open","sticky":false,"template":"","format":"standard","meta":{"om_disable_all_campaigns":false,"_monsterinsights_skip_tracking":false,"_monsterinsights_sitenote_active":false,"_monsterinsights_sitenote_note":"","_monsterinsights_sitenote_category":0,"footnotes":""},"categories":[40],"tags":[],"class_list":{"0":"post-15218","1":"post","2":"type-post","3":"status-publish","4":"format-standard","5":"has-post-thumbnail","7":"category-camacari"},"_links":{"self":[{"href":"https:\/\/comandogeraldanoticia.com.br\/index.php\/wp-json\/wp\/v2\/posts\/15218","targetHints":{"allow":["GET"]}}],"collection":[{"href":"https:\/\/comandogeraldanoticia.com.br\/index.php\/wp-json\/wp\/v2\/posts"}],"about":[{"href":"https:\/\/comandogeraldanoticia.com.br\/index.php\/wp-json\/wp\/v2\/types\/post"}],"author":[{"embeddable":true,"href":"https:\/\/comandogeraldanoticia.com.br\/index.php\/wp-json\/wp\/v2\/users\/1"}],"replies":[{"embeddable":true,"href":"https:\/\/comandogeraldanoticia.com.br\/index.php\/wp-json\/wp\/v2\/comments?post=15218"}],"version-history":[{"count":0,"href":"https:\/\/comandogeraldanoticia.com.br\/index.php\/wp-json\/wp\/v2\/posts\/15218\/revisions"}],"wp:featuredmedia":[{"embeddable":true,"href":"https:\/\/comandogeraldanoticia.com.br\/index.php\/wp-json\/wp\/v2\/media\/15219"}],"wp:attachment":[{"href":"https:\/\/comandogeraldanoticia.com.br\/index.php\/wp-json\/wp\/v2\/media?parent=15218"}],"wp:term":[{"taxonomy":"category","embeddable":true,"href":"https:\/\/comandogeraldanoticia.com.br\/index.php\/wp-json\/wp\/v2\/categories?post=15218"},{"taxonomy":"post_tag","embeddable":true,"href":"https:\/\/comandogeraldanoticia.com.br\/index.php\/wp-json\/wp\/v2\/tags?post=15218"}],"curies":[{"name":"wp","href":"https:\/\/api.w.org\/{rel}","templated":true}]}}