{"id":15214,"date":"2022-11-04T17:12:01","date_gmt":"2022-11-04T17:12:01","guid":{"rendered":"https:\/\/comandogeraldanoticia.com.br\/index.php\/2022\/11\/04\/10o-semu-nas-escolas-sera-no-centro-educacional-darcy-ribeiro\/"},"modified":"2022-11-04T17:12:01","modified_gmt":"2022-11-04T17:12:01","slug":"10o-semu-nas-escolas-sera-no-centro-educacional-darcy-ribeiro","status":"publish","type":"post","link":"https:\/\/comandogeraldanoticia.com.br\/index.php\/2022\/11\/04\/10o-semu-nas-escolas-sera-no-centro-educacional-darcy-ribeiro\/","title":{"rendered":"10\u00ba Semu nas Escolas ser\u00e1 no Centro Educacional Darcy Ribeiro"},"content":{"rendered":"<p>Nesta ter\u00e7a-feira (8\/11), a partir das 19h, o Centro Educacional Darcy Ribeiro, em Monte Gordo, receber\u00e1 a 10\u00ba edi\u00e7\u00e3o do projeto Semu nas Escolas \u2013 Todos Pelo Fim da Viol\u00eancia Contra a Mulher. A a\u00e7\u00e3o \u00e9 destinada aos alunos da Educa\u00e7\u00e3o de Jovens e Adultos (EJA) da unidade.<\/p>\n<p>Atrav\u00e9s de explana\u00e7\u00f5es, a equipe t\u00e9cnica e palestrante buscam diagnosticar qual a percep\u00e7\u00e3o dos estudantes sobre a tem\u00e1tica, esclarecendo d\u00favidas e os transformando em multiplicadores da informa\u00e7\u00e3o. A iniciativa \u00e9 resultado da parceria entre as secretarias da Mulher (Semu) e da Educa\u00e7\u00e3o (Seduc).<\/p>\n<figure class=\"wp-block-image size-large\"><img fetchpriority=\"high\" decoding=\"async\" width=\"1024\" height=\"1024\" src=\"https:\/\/www.camacari.ba.gov.br\/wp-content\/uploads\/2022\/11\/semu-card-10o-semu-nas-escolas-cetro-educacional-darcy-ribeiro-monte-gordo--1024x1024.jpeg\" alt=\"\" class=\"wp-image-185509\" srcset=\"https:\/\/www.camacari.ba.gov.br\/wp-content\/uploads\/2022\/11\/semu-card-10o-semu-nas-escolas-cetro-educacional-darcy-ribeiro-monte-gordo--1024x1024.jpeg 1024w, https:\/\/www.camacari.ba.gov.br\/wp-content\/uploads\/2022\/11\/semu-card-10o-semu-nas-escolas-cetro-educacional-darcy-ribeiro-monte-gordo--300x300.jpeg 300w, https:\/\/www.camacari.ba.gov.br\/wp-content\/uploads\/2022\/11\/semu-card-10o-semu-nas-escolas-cetro-educacional-darcy-ribeiro-monte-gordo--150x150.jpeg 150w, https:\/\/www.camacari.ba.gov.br\/wp-content\/uploads\/2022\/11\/semu-card-10o-semu-nas-escolas-cetro-educacional-darcy-ribeiro-monte-gordo--768x768.jpeg 768w, https:\/\/www.camacari.ba.gov.br\/wp-content\/uploads\/2022\/11\/semu-card-10o-semu-nas-escolas-cetro-educacional-darcy-ribeiro-monte-gordo-.jpeg 1080w\" sizes=\"(max-width: 1024px) 100vw, 1024px\"><\/figure>\n","protected":false},"excerpt":{"rendered":"<p>Nesta ter\u00e7a-feira (8\/11), a partir das 19h, o Centro Educacional Darcy Ribeiro, em Monte Gordo, receber\u00e1 a 10\u00ba edi\u00e7\u00e3o do projeto Semu nas Escolas \u2013 Todos Pelo Fim da Viol\u00eancia Contra a Mulher. A a\u00e7\u00e3o \u00e9 destinada aos alunos da Educa\u00e7\u00e3o de Jovens e Adultos (EJA) da unidade. Atrav\u00e9s de explana\u00e7\u00f5es, a equipe t\u00e9cnica e<\/p>\n","protected":false},"author":1,"featured_media":15215,"comment_status":"open","ping_status":"open","sticky":false,"template":"","format":"standard","meta":{"om_disable_all_campaigns":false,"_monsterinsights_skip_tracking":false,"_monsterinsights_sitenote_active":false,"_monsterinsights_sitenote_note":"","_monsterinsights_sitenote_category":0,"footnotes":""},"categories":[40],"tags":[],"class_list":{"0":"post-15214","1":"post","2":"type-post","3":"status-publish","4":"format-standard","5":"has-post-thumbnail","7":"category-camacari"},"_links":{"self":[{"href":"https:\/\/comandogeraldanoticia.com.br\/index.php\/wp-json\/wp\/v2\/posts\/15214","targetHints":{"allow":["GET"]}}],"collection":[{"href":"https:\/\/comandogeraldanoticia.com.br\/index.php\/wp-json\/wp\/v2\/posts"}],"about":[{"href":"https:\/\/comandogeraldanoticia.com.br\/index.php\/wp-json\/wp\/v2\/types\/post"}],"author":[{"embeddable":true,"href":"https:\/\/comandogeraldanoticia.com.br\/index.php\/wp-json\/wp\/v2\/users\/1"}],"replies":[{"embeddable":true,"href":"https:\/\/comandogeraldanoticia.com.br\/index.php\/wp-json\/wp\/v2\/comments?post=15214"}],"version-history":[{"count":0,"href":"https:\/\/comandogeraldanoticia.com.br\/index.php\/wp-json\/wp\/v2\/posts\/15214\/revisions"}],"wp:featuredmedia":[{"embeddable":true,"href":"https:\/\/comandogeraldanoticia.com.br\/index.php\/wp-json\/wp\/v2\/media\/15215"}],"wp:attachment":[{"href":"https:\/\/comandogeraldanoticia.com.br\/index.php\/wp-json\/wp\/v2\/media?parent=15214"}],"wp:term":[{"taxonomy":"category","embeddable":true,"href":"https:\/\/comandogeraldanoticia.com.br\/index.php\/wp-json\/wp\/v2\/categories?post=15214"},{"taxonomy":"post_tag","embeddable":true,"href":"https:\/\/comandogeraldanoticia.com.br\/index.php\/wp-json\/wp\/v2\/tags?post=15214"}],"curies":[{"name":"wp","href":"https:\/\/api.w.org\/{rel}","templated":true}]}}