{"id":15208,"date":"2022-11-04T17:11:00","date_gmt":"2022-11-04T17:11:00","guid":{"rendered":"https:\/\/comandogeraldanoticia.com.br\/index.php\/2022\/11\/04\/catar-rejeita-indenizar-mortos-e-feridos-que-trabalharam-na-copa-do-mundo\/"},"modified":"2022-11-04T17:11:00","modified_gmt":"2022-11-04T17:11:00","slug":"catar-rejeita-indenizar-mortos-e-feridos-que-trabalharam-na-copa-do-mundo","status":"publish","type":"post","link":"https:\/\/comandogeraldanoticia.com.br\/index.php\/2022\/11\/04\/catar-rejeita-indenizar-mortos-e-feridos-que-trabalharam-na-copa-do-mundo\/","title":{"rendered":"Catar rejeita indenizar mortos e feridos que trabalharam na Copa do Mundo"},"content":{"rendered":"<p><img decoding=\"async\" src=\"https:\/\/s2.glbimg.com\/VxuS7XmuqyvP4r4XjDwYPzFvuFo=\/i.s3.glbimg.com\/v1\/AUTH_59edd422c0c84a879bd37670ae4f538a\/internal_photos\/bs\/2022\/N\/S\/7Mow5cQxGwu64IAyP80g\/2022-10-25t091352z-1514889254-rc2c6x9hykrv-rtrmadp-3-qatar-emir-worldcup.jpg\"><br \/>   Anistia Internacional e Human Rights Watch criticam regularmente as condi\u00e7\u00f5es de trabalho dos oper\u00e1rios mobilizados h\u00e1 anos. Bandeiras dos pa\u00edses que disputar\u00e3o a Copa do Mundo s\u00e3o exibidas ao longo de uma rua em Doha, no Catar<br \/>\nREUTERS\/Hamad I Mohammed<br \/>\nO Catar rejeitou os pedidos de ONGs para criar um fundo de indeniza\u00e7\u00e3o para os trabalhadores mortos ou feridos nos preparativos da Copa do Mundo de futebol, declarou seu ministro do Trabalho.<br \/>\n&#8220;Este pedido (&#8230;) de uma campanha de indeniza\u00e7\u00e3o \u00e9 uma estrat\u00e9gia de comunica\u00e7\u00e3o&#8221;, disse Ali bin Samij Al-Marri em entrevista exclusiva \u00e0 AFP.<br \/>\nA Fifa, institui\u00e7\u00e3o que rege o futebol mundial, garantiu que h\u00e1 um &#8220;di\u00e1logo cont\u00ednuo&#8221; sobre o conte\u00fado, mas no primeiro coment\u00e1rio p\u00fablico do governo, Al-Marri garantiu que a proposta era invi\u00e1vel.<br \/>\n&#8220;Cada morte \u00e9 uma trag\u00e9dia&#8221;, declarou o ministro do Trabalho, acrescentando, por\u00e9m, que &#8220;n\u00e3o h\u00e1 crit\u00e9rios para criar esses fundos&#8221;.<br \/>\n&#8220;Onde est\u00e3o as v\u00edtimas? Eles t\u00eam os nomes das v\u00edtimas? Como conseguiram esses n\u00fameros?&#8221;, perguntou.<br \/>\nLeia tamb\u00e9m:<br \/>\nEm 2016, Catar anunciou pela 1\u00aa vez a morte de oper\u00e1rio nas obras da Copa<br \/>\nJogadores australianos criticam condi\u00e7\u00f5es de trabalhadores<br \/>\nReino Unido pede que torcedores LGBTQIA  respeitem as leis do Catar<br \/>\nV\u00e1rias ONGs, incluindo a Anistia Internacional e a Human Rights Watch, pediram \u00e0 Fifa e ao Catar que indenizassem os oper\u00e1rios que trabalharam nas obras da competi\u00e7\u00e3o, que ter\u00e1 in\u00edcio no rico emirado do Golfo a partir de 20 de novembro.<br \/>\nAs ONGs criticam regularmente as condi\u00e7\u00f5es de trabalho dos oper\u00e1rios mobilizados h\u00e1 anos nos diferentes projetos da Copa do Mundo. O fato tem gerado uma onda de boicote ao evento em v\u00e1rias cidades do mundo.\u00a0<br \/>\nSegundo o ministro do Trabalho do Catar, v\u00e1rias ONGs e alguns pa\u00edses tentam &#8220;desacreditar o Catar com alega\u00e7\u00f5es deliberadamente enganosas&#8221;, que \u00e0s vezes s\u00e3o &#8220;motivadas pelo racismo&#8221;.<br \/>\nA Fifa deveria reservar um m\u00ednimo de \u20ac 420 milh\u00f5es para indenizar as centenas de milhares de trabalhadores migrantes que sofreram abusos de direitos humanos no Catar durante os preparativos para a Copa do Mundo de 2022, escreveu a Anistia Internacional em comunicado.<br \/>\nNo \u00faltimo dia 27, a\u00a0sele\u00e7\u00e3o australiana de futebol se tornou a primeira classificada para a competi\u00e7\u00e3o a\u00a0criticar abertamente o Catar pelos abusos de direitos humanos durante a organiza\u00e7\u00e3o da Copa do Mundo.\u00a0<br \/>\nDezesseis membros da equipe masculina australiana\u00a0apareceram em um v\u00eddeo explicando a sua posi\u00e7\u00e3o. \u201cNos \u00faltimos dois anos, nos dedicamos a entender e conhecer melhor a situa\u00e7\u00e3o no Catar\u201d, explicam os jogadores. &#8220;N\u00e3o somos especialistas, mas ouvimos organiza\u00e7\u00f5es como Anistia Internacional, Fifa&#8221; e, &#8220;mais importante, trabalhadores estrangeiros no Catar&#8221;.<br \/>\nJogadores australianos criticam condi\u00e7\u00f5es de trabalhadores no Catar<\/p>\n","protected":false},"excerpt":{"rendered":"<p>Anistia Internacional e Human Rights Watch criticam regularmente as condi\u00e7\u00f5es de trabalho dos oper\u00e1rios mobilizados h\u00e1 anos. Bandeiras dos pa\u00edses que disputar\u00e3o a Copa do Mundo s\u00e3o exibidas ao longo de uma rua em Doha, no Catar REUTERS\/Hamad I Mohammed O Catar rejeitou os pedidos de ONGs para criar um fundo de indeniza\u00e7\u00e3o para os<\/p>\n","protected":false},"author":1,"featured_media":15209,"comment_status":"open","ping_status":"open","sticky":false,"template":"","format":"standard","meta":{"om_disable_all_campaigns":false,"_monsterinsights_skip_tracking":false,"_monsterinsights_sitenote_active":false,"_monsterinsights_sitenote_note":"","_monsterinsights_sitenote_category":0,"footnotes":""},"categories":[47],"tags":[],"class_list":{"0":"post-15208","1":"post","2":"type-post","3":"status-publish","4":"format-standard","5":"has-post-thumbnail","7":"category-mundo"},"_links":{"self":[{"href":"https:\/\/comandogeraldanoticia.com.br\/index.php\/wp-json\/wp\/v2\/posts\/15208","targetHints":{"allow":["GET"]}}],"collection":[{"href":"https:\/\/comandogeraldanoticia.com.br\/index.php\/wp-json\/wp\/v2\/posts"}],"about":[{"href":"https:\/\/comandogeraldanoticia.com.br\/index.php\/wp-json\/wp\/v2\/types\/post"}],"author":[{"embeddable":true,"href":"https:\/\/comandogeraldanoticia.com.br\/index.php\/wp-json\/wp\/v2\/users\/1"}],"replies":[{"embeddable":true,"href":"https:\/\/comandogeraldanoticia.com.br\/index.php\/wp-json\/wp\/v2\/comments?post=15208"}],"version-history":[{"count":0,"href":"https:\/\/comandogeraldanoticia.com.br\/index.php\/wp-json\/wp\/v2\/posts\/15208\/revisions"}],"wp:featuredmedia":[{"embeddable":true,"href":"https:\/\/comandogeraldanoticia.com.br\/index.php\/wp-json\/wp\/v2\/media\/15209"}],"wp:attachment":[{"href":"https:\/\/comandogeraldanoticia.com.br\/index.php\/wp-json\/wp\/v2\/media?parent=15208"}],"wp:term":[{"taxonomy":"category","embeddable":true,"href":"https:\/\/comandogeraldanoticia.com.br\/index.php\/wp-json\/wp\/v2\/categories?post=15208"},{"taxonomy":"post_tag","embeddable":true,"href":"https:\/\/comandogeraldanoticia.com.br\/index.php\/wp-json\/wp\/v2\/tags?post=15208"}],"curies":[{"name":"wp","href":"https:\/\/api.w.org\/{rel}","templated":true}]}}