{"id":11458,"date":"2022-10-20T19:19:41","date_gmt":"2022-10-20T19:19:41","guid":{"rendered":"https:\/\/comandogeraldanoticia.com.br\/index.php\/2022\/10\/20\/como-funcionara-a-eleicao-para-substituir-liz-truss-como-primeira-ministra-do-reino-unido\/"},"modified":"2022-10-20T19:19:41","modified_gmt":"2022-10-20T19:19:41","slug":"como-funcionara-a-eleicao-para-substituir-liz-truss-como-primeira-ministra-do-reino-unido","status":"publish","type":"post","link":"https:\/\/comandogeraldanoticia.com.br\/index.php\/2022\/10\/20\/como-funcionara-a-eleicao-para-substituir-liz-truss-como-primeira-ministra-do-reino-unido\/","title":{"rendered":"Como funcionar\u00e1 a elei\u00e7\u00e3o para substituir Liz Truss como primeira-ministra do Reino Unido"},"content":{"rendered":"<p><img decoding=\"async\" src=\"https:\/\/s2.glbimg.com\/0vDdegitUkcjCLsrkBtCDI32w7I=\/i.s3.glbimg.com\/v1\/AUTH_59edd422c0c84a879bd37670ae4f538a\/internal_photos\/bs\/2022\/7\/O\/8uK8VmSWSrRKTA2yJ9VQ\/2022-10-20t124352z-527658686-rc205x98mu6l-rtrmadp-3-britain-politics.jpg\"><br \/>   Novo l\u00edder do governo brit\u00e2nico deve ser anunciado at\u00e9 o dia 28 de outubro. Vota\u00e7\u00e3o ser\u00e1 muito mais r\u00e1pida do que a anterior, que elegeu Liz Truss para o cargo no in\u00edcio de setembro. A primeira-ministra brit\u00e2nica Liz Truss renuncia ao cargo, na frente do n\u00famero 10 de Downing Street, em Londres, na Gr\u00e3-Bretanha, em 20 de outubro de 2022<br \/>\nREUTERS\/Toby Melville<br \/>\nA brit\u00e2nica Liz Truss renunciou aos postos de l\u00edder do Partido Conservador e de primeira-ministra do Reino Unido nesta quinta-feira (20), abrindo novamente elei\u00e7\u00f5es para o cargo. A \u00faltima elei\u00e7\u00e3o havia sido definida h\u00e1 pouco mais de um m\u00eas, no dia 5 de setembro.<br \/>\nPara escolher quem ir\u00e1 substitui-la, ser\u00e1 feita uma vota\u00e7\u00e3o interna entre os membros do Partido Conservador. Por serem a maioria do Parlamento brit\u00e2nico, s\u00e3o eles que definem quem ser\u00e1 o primeiro-ministro. (Veja abaixo como ser\u00e1 a elei\u00e7\u00e3o)<br \/>\nAs regras foram divulgadas ap\u00f3s a ren\u00fancia de Truss pelo presidente do Comit\u00ea de 1922, Sir Graham Brady, grupo respons\u00e1vel por organizar as elei\u00e7\u00f5es internas.<br \/>\nDiferente do processo para substituir Boris Johnson, que durou em torno de tr\u00eas meses, o novo l\u00edder do governo brit\u00e2nico ser\u00e1 definido bem mais rapidamente, sendo anunciado at\u00e9 o dia 28 de outubro.<br \/>\nAbaixo est\u00e3o os destaques do processo:<br \/>\nQualquer candidato a ser l\u00edder do Partido Conservador deve ter indica\u00e7\u00f5es de um m\u00ednimo de 100 parlamentares do partido<br \/>\nAs nomea\u00e7\u00f5es ficam abertas at\u00e9 o dia 24, segunda-feira, \u00e0s 10h no hor\u00e1rio de Bras\u00edlia<br \/>\nSe apenas um candidato garantir as indica\u00e7\u00f5es de 100 legisladores, esse candidato automaticamente se torna l\u00edder do partido e primeiro-ministro do Reino Unido<br \/>\nSe tiver mais de um candidato, haver\u00e1 uma vota\u00e7\u00e3o entre os deputados eleitos de 11h30 at\u00e9 13h30 no hor\u00e1rio de Bras\u00edlia<br \/>\nCaso tenha mais do que dois candidatos, o que tiver o menor n\u00famero de votos ser\u00e1 eliminado<br \/>\nO resultado dessa vota\u00e7\u00e3o, indicando a prefer\u00eancia dos parlamentares, ser\u00e1 anunciado \u00e0s 14h no hor\u00e1rio de Bras\u00edlia<br \/>\nSe for necess\u00e1ria uma segunda vota\u00e7\u00e3o indicativa, isso ser\u00e1 realizado entre 14h30 e 16h30, com o resultado sendo anunciado \u00e0s 17h no hor\u00e1rio de Bras\u00edlia<br \/>\nA vota\u00e7\u00e3o entre os dois \u00faltimos candidatos ser\u00e1 feita pelos cerca de 170 mil membros do Partido Conservador atrav\u00e9s de uma c\u00e9dula online<br \/>\nEssa vota\u00e7\u00e3o entre todos os membros do partido ser\u00e1 encerrada na sexta-feira, dia 28 de outubro, \u00e0s 7h no hor\u00e1rio de Bras\u00edlia<br \/>\nO resultado ser\u00e1 anunciado no mesmo dia<br \/>\nSaiba quem \u00e9 Liz Truss<\/p>\n","protected":false},"excerpt":{"rendered":"<p>Novo l\u00edder do governo brit\u00e2nico deve ser anunciado at\u00e9 o dia 28 de outubro. Vota\u00e7\u00e3o ser\u00e1 muito mais r\u00e1pida do que a anterior, que elegeu Liz Truss para o cargo no in\u00edcio de setembro. A primeira-ministra brit\u00e2nica Liz Truss renuncia ao cargo, na frente do n\u00famero 10 de Downing Street, em Londres, na Gr\u00e3-Bretanha, em<\/p>\n","protected":false},"author":1,"featured_media":11459,"comment_status":"open","ping_status":"open","sticky":false,"template":"","format":"standard","meta":{"om_disable_all_campaigns":false,"_monsterinsights_skip_tracking":false,"_monsterinsights_sitenote_active":false,"_monsterinsights_sitenote_note":"","_monsterinsights_sitenote_category":0,"footnotes":""},"categories":[47],"tags":[],"class_list":{"0":"post-11458","1":"post","2":"type-post","3":"status-publish","4":"format-standard","5":"has-post-thumbnail","7":"category-mundo"},"_links":{"self":[{"href":"https:\/\/comandogeraldanoticia.com.br\/index.php\/wp-json\/wp\/v2\/posts\/11458","targetHints":{"allow":["GET"]}}],"collection":[{"href":"https:\/\/comandogeraldanoticia.com.br\/index.php\/wp-json\/wp\/v2\/posts"}],"about":[{"href":"https:\/\/comandogeraldanoticia.com.br\/index.php\/wp-json\/wp\/v2\/types\/post"}],"author":[{"embeddable":true,"href":"https:\/\/comandogeraldanoticia.com.br\/index.php\/wp-json\/wp\/v2\/users\/1"}],"replies":[{"embeddable":true,"href":"https:\/\/comandogeraldanoticia.com.br\/index.php\/wp-json\/wp\/v2\/comments?post=11458"}],"version-history":[{"count":0,"href":"https:\/\/comandogeraldanoticia.com.br\/index.php\/wp-json\/wp\/v2\/posts\/11458\/revisions"}],"wp:featuredmedia":[{"embeddable":true,"href":"https:\/\/comandogeraldanoticia.com.br\/index.php\/wp-json\/wp\/v2\/media\/11459"}],"wp:attachment":[{"href":"https:\/\/comandogeraldanoticia.com.br\/index.php\/wp-json\/wp\/v2\/media?parent=11458"}],"wp:term":[{"taxonomy":"category","embeddable":true,"href":"https:\/\/comandogeraldanoticia.com.br\/index.php\/wp-json\/wp\/v2\/categories?post=11458"},{"taxonomy":"post_tag","embeddable":true,"href":"https:\/\/comandogeraldanoticia.com.br\/index.php\/wp-json\/wp\/v2\/tags?post=11458"}],"curies":[{"name":"wp","href":"https:\/\/api.w.org\/{rel}","templated":true}]}}