{"id":11456,"date":"2022-10-20T19:19:42","date_gmt":"2022-10-20T19:19:42","guid":{"rendered":"https:\/\/comandogeraldanoticia.com.br\/index.php\/2022\/10\/20\/ucrania-faz-plano-para-economizar-energia-apos-bombardeio-da-rede-eletrica\/"},"modified":"2022-10-20T19:19:42","modified_gmt":"2022-10-20T19:19:42","slug":"ucrania-faz-plano-para-economizar-energia-apos-bombardeio-da-rede-eletrica","status":"publish","type":"post","link":"https:\/\/comandogeraldanoticia.com.br\/index.php\/2022\/10\/20\/ucrania-faz-plano-para-economizar-energia-apos-bombardeio-da-rede-eletrica\/","title":{"rendered":"Ucr\u00e2nia faz plano para economizar energia ap\u00f3s bombardeio da rede el\u00e9trica"},"content":{"rendered":"<p><img decoding=\"async\" src=\"https:\/\/s2.glbimg.com\/dyRMCtw84_FG9LgAMBhFZEP8B6U=\/i.s3.glbimg.com\/v1\/AUTH_59edd422c0c84a879bd37670ae4f538a\/internal_photos\/bs\/2022\/b\/I\/spCv3ESLqQqVyRpHysMg\/explosao-dnipro.jpg-1.jpg\"><br \/>   Ap\u00f3s uma reuni\u00e3o com as empresas de energia, o presidente ucraniano, Volodymyr Zelensky, disse que est\u00e3o preparando todos os cen\u00e1rios poss\u00edveis para o inverno e trabalhando na cria\u00e7\u00e3o de pontos m\u00f3veis de fornecimento de energia para infraestrutura cr\u00edtica.  Ucr\u00e2nia come\u00e7a a racionar energia, depois que R\u00fassia aumenta ataques \u00e0 infraestrutura<br \/>\nA Ucr\u00e2nia imp\u00f4s restri\u00e7\u00f5es ao consumo de luz para tentar economizar energia el\u00e9trica depois que quase 30% das usinas de energia foram destru\u00eddas em ataques de m\u00edsseis ou drones das for\u00e7as russas.<br \/>\nAs medidas foram anunciadas nesta quinta-feira (20). O prefeito de Kiev, Vitali Klitschko, pediu para que a popula\u00e7\u00e3o, as empresas e os neg\u00f3cios economizem o m\u00e1ximo poss\u00edvel em ilumina\u00e7\u00e3o e publicidade.<br \/>\n&#8220;Mesmo pequenas economias de cada fam\u00edlia v\u00e3o ajudar a estabilizar o sistema de energia do pa\u00eds&#8221;, disse ele.<br \/>\nKharkiv, a segunda maior cidade da Ucr\u00e2nia, \u00e9 bombardeada h\u00e1 meses. A operadora do metr\u00f4 anunciou que vai aumentar os intervalos entre os trens para economizar eletricidade.<br \/>\nUma c\u00e2mera no painel de um ve\u00edculo capturou o momento em uma explos\u00e3o atingiu a cidade de Dnipro, na Ucr\u00e2nia<br \/>\nMinist\u00e9rio das Rela\u00e7\u00f5es Exteriores da Ucr\u00e2nia\/Reprodu\u00e7\u00e3o<br \/>\nChegada do inverno<br \/>\nAp\u00f3s uma reuni\u00e3o com as empresas de energia, o presidente ucraniano, Volodymyr Zelensky, disse que est\u00e3o preparando todos os cen\u00e1rios poss\u00edveis para o inverno e trabalhando na cria\u00e7\u00e3o de pontos m\u00f3veis de fornecimento de energia para infraestrutura cr\u00edtica.<br \/>\nDrones iranianos<br \/>\nPara combater a contraofensiva ucraniana no sul e no leste, a R\u00fassia lan\u00e7ou, na semana passada, uma campanha de bombardeio contra infraestruturas. De acordo com os ucranianos e seus aliados, para isso t\u00eam sido empregados drones fabricados pelo Ir\u00e3.<br \/>\nA R\u00fassia e o Ir\u00e3 negam o uso desses drones, mas a Uni\u00e3o Europeia imp\u00f4s, nesta quinta-feira, san\u00e7\u00f5es a tr\u00eas generais iranianos e uma empresa acusada de fornecer essas armas. O Reino Unido aderiu a estas medidas.<br \/>\nA Ucr\u00e2nia comemorou a resposta r\u00e1pida do bloco. Os russos por outro lado, acusaram os pa\u00edses ocidentais de quererem pressionar o Ir\u00e3.<br \/>\nBelarus anuncia for\u00e7a conjunta<br \/>\nBelarus, que faz fronteira com a Ucr\u00e2nia e \u00e9 aliado da R\u00fassia, est\u00e1 aumentando seu papel no conflito, especialmente desde que anunciou na semana passada uma for\u00e7a conjunta com Moscou.<br \/>\nAs autoridades ucranianas indicaram, por outro lado, que viam um risco &#8220;crescente&#8221; de que a R\u00fassia abra outra frente a partir de Belarus.<br \/>\nO pa\u00eds, que \u00e9 aliado de Moscou, j\u00e1 servia de base para as tropas russas quando a invas\u00e3o da Ucr\u00e2nia come\u00e7ou, no final de fevereiro.<br \/>\nDeporta\u00e7\u00e3o em massa<br \/>\nO presidente russo, Vladimir Putin, imp\u00f4s na quarta-feira a lei marcial nos quatro territ\u00f3rios ucranianos anexados pela R\u00fassia: Donetsk, Lugansk, Zaporizhzhia e Kherson.<br \/>\nAssim, autoridades russas podem refor\u00e7ar o poder dos militares nessas \u00e1reas, impor toques de recolher, limitar o deslocamento e proibir as concentra\u00e7\u00f5es p\u00fablicas.<br \/>\nEm uma das \u00e1reas anexadas, Kherson, autoridades pr\u00f3-R\u00fassia ordenaram a evacua\u00e7\u00e3o da regi\u00e3o diante da press\u00e3o da contraofensiva ucraniana.<br \/>\nNesta quinta-feira, cerca de 15 mil pessoas foram levadas para a outra margem do rio Dnieper, que contorna a cidade de Kherson, capital da regi\u00e3o de mesmo nome.<br \/>\n&#8220;Acredite em mim, tudo vai ficar bem. A regi\u00e3o de Kherson est\u00e1 agora para sempre liberta do nazismo&#8221;, disse Kiril Stremeusov, o governante pr\u00f3-R\u00fassia que foi colocado no poder. Ele disse que as regi\u00f5es de Dnipro, Odessa e Mikolaiv seriam libertadas &#8220;em breve&#8221;.<br \/>\nNo total, as autoridades de ocupa\u00e7\u00e3o planejaram a retiradas de 60 mil civis em Kherson nos pr\u00f3ximos dias.<br \/>\nPara Kiev, trata-se de uma &#8220;deporta\u00e7\u00e3o em massa&#8221; que visa a mudar &#8220;a composi\u00e7\u00e3o \u00e9tnica do territ\u00f3rio ocupado&#8221;, nas palavras de Oleksiy Danilov, secret\u00e1rio do Conselho de Seguran\u00e7a e Defesa Nacional da Ucr\u00e2nia.<br \/>\nPutin visitou um campo de treinamento para soldados mobilizados na regi\u00e3o de Ryazan, a sudeste de Moscou, nesta quinta-feira, segundo imagens transmitidas pela televis\u00e3o.<br \/>\nContraofensiva<br \/>\nA contraofensiva que permitiu \u00e0 Ucr\u00e2nia recuperar grandes por\u00e7\u00f5es de territ\u00f3rio no leste e no sul do pa\u00eds ganhou recentemente for\u00e7a em seu flanco sul.<br \/>\nNas \u00e1reas retomadas por Kiev, os moradores iniciam as tarefas de reconstru\u00e7\u00e3o. Muitos ainda dependem de ajuda humanit\u00e1ria para sobreviver.<br \/>\nAl\u00e9m disso, nada funciona&#8221;, lamenta Ivan Zakharchenko, um morador de 70 anos na fila para receber ajuda em Izium, recuperada h\u00e1 um m\u00eas.<br \/>\nO sofrimento causado pela guerra foi reconhecido pelo Parlamento Europeu, que na quarta-feira concedeu o Pr\u00eamio Sakharov de Liberdade de Pensamento deste ano &#8220;ao bravo povo da Ucr\u00e2nia&#8221;.<br \/>\nVeja os v\u00eddeos mais assistidos do g1<\/p>\n","protected":false},"excerpt":{"rendered":"<p>Ap\u00f3s uma reuni\u00e3o com as empresas de energia, o presidente ucraniano, Volodymyr Zelensky, disse que est\u00e3o preparando todos os cen\u00e1rios poss\u00edveis para o inverno e trabalhando na cria\u00e7\u00e3o de pontos m\u00f3veis de fornecimento de energia para infraestrutura cr\u00edtica. Ucr\u00e2nia come\u00e7a a racionar energia, depois que R\u00fassia aumenta ataques \u00e0 infraestrutura A Ucr\u00e2nia imp\u00f4s restri\u00e7\u00f5es ao<\/p>\n","protected":false},"author":1,"featured_media":11457,"comment_status":"open","ping_status":"open","sticky":false,"template":"","format":"standard","meta":{"om_disable_all_campaigns":false,"_monsterinsights_skip_tracking":false,"_monsterinsights_sitenote_active":false,"_monsterinsights_sitenote_note":"","_monsterinsights_sitenote_category":0,"footnotes":""},"categories":[47],"tags":[],"class_list":{"0":"post-11456","1":"post","2":"type-post","3":"status-publish","4":"format-standard","5":"has-post-thumbnail","7":"category-mundo"},"_links":{"self":[{"href":"https:\/\/comandogeraldanoticia.com.br\/index.php\/wp-json\/wp\/v2\/posts\/11456","targetHints":{"allow":["GET"]}}],"collection":[{"href":"https:\/\/comandogeraldanoticia.com.br\/index.php\/wp-json\/wp\/v2\/posts"}],"about":[{"href":"https:\/\/comandogeraldanoticia.com.br\/index.php\/wp-json\/wp\/v2\/types\/post"}],"author":[{"embeddable":true,"href":"https:\/\/comandogeraldanoticia.com.br\/index.php\/wp-json\/wp\/v2\/users\/1"}],"replies":[{"embeddable":true,"href":"https:\/\/comandogeraldanoticia.com.br\/index.php\/wp-json\/wp\/v2\/comments?post=11456"}],"version-history":[{"count":0,"href":"https:\/\/comandogeraldanoticia.com.br\/index.php\/wp-json\/wp\/v2\/posts\/11456\/revisions"}],"wp:featuredmedia":[{"embeddable":true,"href":"https:\/\/comandogeraldanoticia.com.br\/index.php\/wp-json\/wp\/v2\/media\/11457"}],"wp:attachment":[{"href":"https:\/\/comandogeraldanoticia.com.br\/index.php\/wp-json\/wp\/v2\/media?parent=11456"}],"wp:term":[{"taxonomy":"category","embeddable":true,"href":"https:\/\/comandogeraldanoticia.com.br\/index.php\/wp-json\/wp\/v2\/categories?post=11456"},{"taxonomy":"post_tag","embeddable":true,"href":"https:\/\/comandogeraldanoticia.com.br\/index.php\/wp-json\/wp\/v2\/tags?post=11456"}],"curies":[{"name":"wp","href":"https:\/\/api.w.org\/{rel}","templated":true}]}}