{"id":11454,"date":"2022-10-20T18:18:46","date_gmt":"2022-10-20T18:18:46","guid":{"rendered":"https:\/\/comandogeraldanoticia.com.br\/index.php\/2022\/10\/20\/workshop-de-ciencia-tecnologia-e-inovacao-atrai-estudantes\/"},"modified":"2022-10-20T18:18:46","modified_gmt":"2022-10-20T18:18:46","slug":"workshop-de-ciencia-tecnologia-e-inovacao-atrai-estudantes","status":"publish","type":"post","link":"https:\/\/comandogeraldanoticia.com.br\/index.php\/2022\/10\/20\/workshop-de-ciencia-tecnologia-e-inovacao-atrai-estudantes\/","title":{"rendered":"Workshop de Ci\u00eancia, Tecnologia e Inova\u00e7\u00e3o atrai estudantes"},"content":{"rendered":"<p>O II Workshop de Ci\u00eancia, Tecnologia e Inova\u00e7\u00e3o (WCTI) foi aberto na manh\u00e3 desta quinta-feira (20\/10), marcado por cerim\u00f4nia no Teatro Cidade do Saber, que atraiu dezenas de estudantes. Ediel Lino, 15 anos, aluno do 9\u00ba ano da Escola da M\u00f4nica, foi um deles e contou que pretende participar de todos os dias do evento, que segue at\u00e9 s\u00e1bado (22\/10). \u201cT\u00f4 gostando. Acho muito bom que seja realizado, por ser uma coisa diferente na cidade\u201d, afirmou.<\/p>\n<p>Quem tamb\u00e9m participou foi Eduardo Saldanha, 19 anos, estudante do 4\u00ba ano do curso t\u00e9cnico de inform\u00e1tica do Instituto Federal de Educa\u00e7\u00e3o, Ci\u00eancia e Tecnologia da Bahia (IFBA) Cama\u00e7ari. \u201cMuitas coisas legais. Para mim, que estou pr\u00f3ximo de concluir meus estudos, \u00e9 uma forma de ter ideia para saber qual caminho seguir, porque apresenta possibilidades na \u00e1rea de tecnologia\u201d, contou o morador de Dias d\u2019\u00c1vila.<\/p>\n<p>O WCTI acontece na Cidade do Saber e no IFBA, reunindo uma programa\u00e7\u00e3o extensa, que inclui exposi\u00e7\u00f5es, palestras, semin\u00e1rios, oficinas, al\u00e9m do 1\u00ba Campeonato de Rob\u00f3tica do LABTEC \u2013 ROBOTEC 2022. A iniciativa \u00e9 promovida pela Secretaria da Cultura (Secult), atrav\u00e9s do Laborat\u00f3rio de Tecnologia de Cama\u00e7ari (LABTEC), em parceria com o Instituto de Ci\u00eancia, Tecnologia e Inova\u00e7\u00e3o (ICTI) da Universidade Federal da Bahia (UFBA).<\/p>\n<p>Realizado em conson\u00e2ncia com a 19\u00aa Semana Nacional de Ci\u00eancia e Tecnologia, o evento tem o intuito de conectar saberes e incentivar o engajamento do p\u00fablico-alvo, que s\u00e3o os estudantes do ensino superior, m\u00e9dio e fundamental, atrav\u00e9s de um ambiente de inova\u00e7\u00e3o, integrando a comunidade acad\u00eamica, o setor p\u00fablico e a sociedade.<\/p>\n<p>Para o vice-prefeito, Jos\u00e9 Tude, a iniciativa \u00e9 uma forma de despertar a juventude para a educa\u00e7\u00e3o. \u201cEsta \u00e9 a segunda edi\u00e7\u00e3o do workshop, desenvolvido pelo LABTEC, que \u00e9 respons\u00e1vel por v\u00e1rias atividades na \u00e1rea tecnol\u00f3gica, como o Museu UNICA, que tem fascinado os estudantes para a ci\u00eancia\u201d, pontuou. Ele ainda destacou a import\u00e2ncia da instala\u00e7\u00e3o da UFBA no munic\u00edpio. \u201cTemos quatro anos da universidade aqui em Cama\u00e7ari, funcionando no pr\u00e9dio da Cidade do Saber, e mais recentemente, foi doado pela Prefeitura um terreno para constru\u00e7\u00e3o do campus definitivo, fazendo com que ela seja uma institui\u00e7\u00e3o permanente na cidade\u201d.<\/p>\n<p>A secret\u00e1ria da Cultura, M\u00e1rcia Tude, ressaltou a relev\u00e2ncia do WCTI. \u201cAgrade\u00e7o as diversas escolas que trouxeram seus alunos para este espa\u00e7o, que \u00e9 de aprendizado e desenvolvimento. Eles s\u00e3o os futuros profissionais de n\u00edvel superior que mudar\u00e3o esta cidade. Ficamos felizes em realizar esta a\u00e7\u00e3o junto com a UFBA\u201d, disse a gestora.<\/p>\n<p>Diretora do ICTI, Maiana Brito enfatizou a import\u00e2ncia da parceria da universidade com a Secult. \u201cNos acolhe h\u00e1 quatro anos e desenvolvemos uma s\u00e9rie de a\u00e7\u00f5es conjuntas. Tamb\u00e9m atrav\u00e9s do apoio da Prefeitura, em 2023 vamos ocupar mais um outro pr\u00e9dio na cidade, passando a dispor de mais um curso de gradua\u00e7\u00e3o. Al\u00e9m do Bacharelado, Interdisciplinar em Ci\u00eancia, Tecnologia e Inova\u00e7\u00e3o (BI-CTI), vamos ofertar o curso de Engenharia de Produ\u00e7\u00e3o. A ideia \u00e9 que, cada vez mais, os cursos sejam ampliados\u201d, revelou.<\/p>\n<p>O workshop conta com o apoio do IFBA Cama\u00e7ari. Para o diretor da institui\u00e7\u00e3o, Eduardo Teles, o evento mostra o potencial do ensino tecnol\u00f3gico em Cama\u00e7ari. \u201cSem a ci\u00eancia, a tecnologia e a inova\u00e7\u00e3o, n\u00e3o estar\u00edamos aqui. A partir delas \u00e9 que s\u00e3o feitas as vacinas, rob\u00f3tica e todas as possibilidades de projetos, por isso precisamos valoriz\u00e1-las\u201d.<\/p>\n<p>A abertura do workshop contou com apresenta\u00e7\u00e3o musical de Salatiel Meireles e Tila Santos, al\u00e9m da palestra do professor Jo\u00e3o Soares Neto, doutor em Engenharia El\u00e9trica e em Computa\u00e7\u00e3o, abordando o tema Bicenten\u00e1rio da Independ\u00eancia: 200 anos da Ci\u00eancia, Tecnologia e Inova\u00e7\u00e3o.<\/p>\n<p>Para esta segunda edi\u00e7\u00e3o do WCTI, foi integrado o 1\u00ba Campeonato de Rob\u00f3tica, que ser\u00e1 realizado no s\u00e1bado, com premia\u00e7\u00e3o dos vencedores nas tr\u00eas categorias: rob\u00f4 sum\u00f4 3kg, seguidor de linha junior e seguidor de linha s\u00eanior. Em cada um dos segmentos, quem ficar na primeira coloca\u00e7\u00e3o receber\u00e1 o valor de R$ 500; no segundo lugar, de R$ 300; e em terceiro, R$ 100.<\/p>\n<p>A programa\u00e7\u00e3o completa do workshop pode ser conferida no <a href=\"http:\/\/secult.camacari.ba.gov.br\/cidade-cultural-edital-de-credenciamento-no001-2021\/\" target=\"_blank\" rel=\"noreferrer noopener\"><strong>Portal da Secult<\/strong><\/a>. O evento conta ainda com apoio do Grupo de Pesquisa em Sistemas Embarcados, Controle e Efici\u00eancia Energ\u00e9tica (GSECEE), do Laborat\u00f3rio de Tecnologia Atmosf\u00e9rica e Oce\u00e2nica (LABTAO) da UFBA, do Instituto do Rec\u00f4ncavo, do Conselho Regional dos T\u00e9cnicos Industriais da Bahia, da Cambu\u00ed Online e de diversos pesquisadores.<\/p>\n<figure class=\"wp-container-2 wp-block-gallery-1 wp-block-gallery has-nested-images columns-default is-cropped\">\n<figure class=\"wp-block-image size-large\"><img loading=\"lazy\" decoding=\"async\" loading=\"lazy\" width=\"1024\" height=\"683\" data-id=\"184384\" src=\"https:\/\/www.camacari.ba.gov.br\/wp-content\/uploads\/2022\/10\/secult-abertura-wcti-leandro-silva-20.10.2022-13.jpeg\" alt=\"\" class=\"wp-image-184384\" srcset=\"https:\/\/www.camacari.ba.gov.br\/wp-content\/uploads\/2022\/10\/secult-abertura-wcti-leandro-silva-20.10.2022-13.jpeg 1024w, https:\/\/www.camacari.ba.gov.br\/wp-content\/uploads\/2022\/10\/secult-abertura-wcti-leandro-silva-20.10.2022-13-300x200.jpeg 300w, https:\/\/www.camacari.ba.gov.br\/wp-content\/uploads\/2022\/10\/secult-abertura-wcti-leandro-silva-20.10.2022-13-768x512.jpeg 768w\" sizes=\"auto, (max-width: 1024px) 100vw, 1024px\"><figcaption>Jos\u00e9 Tude<\/figcaption><\/figure>\n<figure class=\"wp-block-image size-large\"><img loading=\"lazy\" decoding=\"async\" loading=\"lazy\" width=\"1024\" height=\"683\" data-id=\"184383\" src=\"https:\/\/www.camacari.ba.gov.br\/wp-content\/uploads\/2022\/10\/secult-abertura-wcti-leandro-silva-20.10.2022-14.jpeg\" alt=\"\" class=\"wp-image-184383\" srcset=\"https:\/\/www.camacari.ba.gov.br\/wp-content\/uploads\/2022\/10\/secult-abertura-wcti-leandro-silva-20.10.2022-14.jpeg 1024w, https:\/\/www.camacari.ba.gov.br\/wp-content\/uploads\/2022\/10\/secult-abertura-wcti-leandro-silva-20.10.2022-14-300x200.jpeg 300w, https:\/\/www.camacari.ba.gov.br\/wp-content\/uploads\/2022\/10\/secult-abertura-wcti-leandro-silva-20.10.2022-14-768x512.jpeg 768w\" sizes=\"auto, (max-width: 1024px) 100vw, 1024px\"><figcaption>M\u00e1rcia Tude<\/figcaption><\/figure>\n<figure class=\"wp-block-image size-large\"><img loading=\"lazy\" decoding=\"async\" loading=\"lazy\" width=\"1024\" height=\"683\" data-id=\"184386\" src=\"https:\/\/www.camacari.ba.gov.br\/wp-content\/uploads\/2022\/10\/secult-abertura-wcti-leandro-silva-20.10.2022-15.jpeg\" alt=\"\" class=\"wp-image-184386\" srcset=\"https:\/\/www.camacari.ba.gov.br\/wp-content\/uploads\/2022\/10\/secult-abertura-wcti-leandro-silva-20.10.2022-15.jpeg 1024w, https:\/\/www.camacari.ba.gov.br\/wp-content\/uploads\/2022\/10\/secult-abertura-wcti-leandro-silva-20.10.2022-15-300x200.jpeg 300w, https:\/\/www.camacari.ba.gov.br\/wp-content\/uploads\/2022\/10\/secult-abertura-wcti-leandro-silva-20.10.2022-15-768x512.jpeg 768w\" sizes=\"auto, (max-width: 1024px) 100vw, 1024px\"><\/figure>\n<figure class=\"wp-block-image size-large\"><img loading=\"lazy\" decoding=\"async\" loading=\"lazy\" width=\"1024\" height=\"683\" data-id=\"184387\" src=\"https:\/\/www.camacari.ba.gov.br\/wp-content\/uploads\/2022\/10\/secult-abertura-wcti-leandro-silva-20.10.2022-21.jpeg\" alt=\"\" class=\"wp-image-184387\" srcset=\"https:\/\/www.camacari.ba.gov.br\/wp-content\/uploads\/2022\/10\/secult-abertura-wcti-leandro-silva-20.10.2022-21.jpeg 1024w, https:\/\/www.camacari.ba.gov.br\/wp-content\/uploads\/2022\/10\/secult-abertura-wcti-leandro-silva-20.10.2022-21-300x200.jpeg 300w, https:\/\/www.camacari.ba.gov.br\/wp-content\/uploads\/2022\/10\/secult-abertura-wcti-leandro-silva-20.10.2022-21-768x512.jpeg 768w\" sizes=\"auto, (max-width: 1024px) 100vw, 1024px\"><\/figure>\n<figure class=\"wp-block-image size-large\"><img loading=\"lazy\" decoding=\"async\" loading=\"lazy\" width=\"1024\" height=\"683\" data-id=\"184388\" src=\"https:\/\/www.camacari.ba.gov.br\/wp-content\/uploads\/2022\/10\/secult-abertura-wcti-leandro-silva-20.10.2022-22.jpeg\" alt=\"\" class=\"wp-image-184388\" srcset=\"https:\/\/www.camacari.ba.gov.br\/wp-content\/uploads\/2022\/10\/secult-abertura-wcti-leandro-silva-20.10.2022-22.jpeg 1024w, https:\/\/www.camacari.ba.gov.br\/wp-content\/uploads\/2022\/10\/secult-abertura-wcti-leandro-silva-20.10.2022-22-300x200.jpeg 300w, https:\/\/www.camacari.ba.gov.br\/wp-content\/uploads\/2022\/10\/secult-abertura-wcti-leandro-silva-20.10.2022-22-768x512.jpeg 768w\" sizes=\"auto, (max-width: 1024px) 100vw, 1024px\"><\/figure>\n<figure class=\"wp-block-image size-large\"><img loading=\"lazy\" decoding=\"async\" loading=\"lazy\" width=\"1024\" height=\"683\" data-id=\"184390\" src=\"https:\/\/www.camacari.ba.gov.br\/wp-content\/uploads\/2022\/10\/secult-abertura-wcti-leandro-silva-20.10.2022-23.jpeg\" alt=\"\" class=\"wp-image-184390\" srcset=\"https:\/\/www.camacari.ba.gov.br\/wp-content\/uploads\/2022\/10\/secult-abertura-wcti-leandro-silva-20.10.2022-23.jpeg 1024w, https:\/\/www.camacari.ba.gov.br\/wp-content\/uploads\/2022\/10\/secult-abertura-wcti-leandro-silva-20.10.2022-23-300x200.jpeg 300w, https:\/\/www.camacari.ba.gov.br\/wp-content\/uploads\/2022\/10\/secult-abertura-wcti-leandro-silva-20.10.2022-23-768x512.jpeg 768w\" sizes=\"auto, (max-width: 1024px) 100vw, 1024px\"><\/figure>\n<figure class=\"wp-block-image size-large\"><img loading=\"lazy\" decoding=\"async\" loading=\"lazy\" width=\"1024\" height=\"683\" data-id=\"184396\" src=\"https:\/\/www.camacari.ba.gov.br\/wp-content\/uploads\/2022\/10\/secult-abertura-wcti-leandro-silva-20.10.2022-1.jpeg\" alt=\"\" class=\"wp-image-184396\" srcset=\"https:\/\/www.camacari.ba.gov.br\/wp-content\/uploads\/2022\/10\/secult-abertura-wcti-leandro-silva-20.10.2022-1.jpeg 1024w, https:\/\/www.camacari.ba.gov.br\/wp-content\/uploads\/2022\/10\/secult-abertura-wcti-leandro-silva-20.10.2022-1-300x200.jpeg 300w, https:\/\/www.camacari.ba.gov.br\/wp-content\/uploads\/2022\/10\/secult-abertura-wcti-leandro-silva-20.10.2022-1-768x512.jpeg 768w\" sizes=\"auto, (max-width: 1024px) 100vw, 1024px\"><\/figure>\n<figure class=\"wp-block-image size-large\"><img loading=\"lazy\" decoding=\"async\" loading=\"lazy\" width=\"1024\" height=\"683\" data-id=\"184389\" src=\"https:\/\/www.camacari.ba.gov.br\/wp-content\/uploads\/2022\/10\/secult-abertura-wcti-leandro-silva-20.10.2022-ediel.jpeg\" alt=\"\" class=\"wp-image-184389\" srcset=\"https:\/\/www.camacari.ba.gov.br\/wp-content\/uploads\/2022\/10\/secult-abertura-wcti-leandro-silva-20.10.2022-ediel.jpeg 1024w, https:\/\/www.camacari.ba.gov.br\/wp-content\/uploads\/2022\/10\/secult-abertura-wcti-leandro-silva-20.10.2022-ediel-300x200.jpeg 300w, https:\/\/www.camacari.ba.gov.br\/wp-content\/uploads\/2022\/10\/secult-abertura-wcti-leandro-silva-20.10.2022-ediel-768x512.jpeg 768w\" sizes=\"auto, (max-width: 1024px) 100vw, 1024px\"><figcaption>Ediel Lino<\/figcaption><\/figure>\n<figure class=\"wp-block-image size-large\"><img loading=\"lazy\" decoding=\"async\" loading=\"lazy\" width=\"1024\" height=\"683\" data-id=\"184391\" src=\"https:\/\/www.camacari.ba.gov.br\/wp-content\/uploads\/2022\/10\/secult-abertura-wcti-leandro-silva-20.10.2022-25.jpeg\" alt=\"\" class=\"wp-image-184391\" srcset=\"https:\/\/www.camacari.ba.gov.br\/wp-content\/uploads\/2022\/10\/secult-abertura-wcti-leandro-silva-20.10.2022-25.jpeg 1024w, https:\/\/www.camacari.ba.gov.br\/wp-content\/uploads\/2022\/10\/secult-abertura-wcti-leandro-silva-20.10.2022-25-300x200.jpeg 300w, https:\/\/www.camacari.ba.gov.br\/wp-content\/uploads\/2022\/10\/secult-abertura-wcti-leandro-silva-20.10.2022-25-768x512.jpeg 768w\" sizes=\"auto, (max-width: 1024px) 100vw, 1024px\"><\/figure>\n<figure class=\"wp-block-image size-large\"><img loading=\"lazy\" decoding=\"async\" loading=\"lazy\" width=\"1024\" height=\"683\" data-id=\"184392\" src=\"https:\/\/www.camacari.ba.gov.br\/wp-content\/uploads\/2022\/10\/secult-abertura-wcti-leandro-silva-20.10.2022-eduardo-.jpeg\" alt=\"\" class=\"wp-image-184392\" srcset=\"https:\/\/www.camacari.ba.gov.br\/wp-content\/uploads\/2022\/10\/secult-abertura-wcti-leandro-silva-20.10.2022-eduardo-.jpeg 1024w, https:\/\/www.camacari.ba.gov.br\/wp-content\/uploads\/2022\/10\/secult-abertura-wcti-leandro-silva-20.10.2022-eduardo--300x200.jpeg 300w, https:\/\/www.camacari.ba.gov.br\/wp-content\/uploads\/2022\/10\/secult-abertura-wcti-leandro-silva-20.10.2022-eduardo--768x512.jpeg 768w\" sizes=\"auto, (max-width: 1024px) 100vw, 1024px\"><figcaption>Eduardo Saldanha<\/figcaption><\/figure>\n<figure class=\"wp-block-image size-large\"><img loading=\"lazy\" decoding=\"async\" loading=\"lazy\" width=\"1024\" height=\"683\" data-id=\"184393\" src=\"https:\/\/www.camacari.ba.gov.br\/wp-content\/uploads\/2022\/10\/secult-abertura-wcti-leandro-silva-20.10.2022-salatiel-e-tila.jpeg\" alt=\"\" class=\"wp-image-184393\" srcset=\"https:\/\/www.camacari.ba.gov.br\/wp-content\/uploads\/2022\/10\/secult-abertura-wcti-leandro-silva-20.10.2022-salatiel-e-tila.jpeg 1024w, https:\/\/www.camacari.ba.gov.br\/wp-content\/uploads\/2022\/10\/secult-abertura-wcti-leandro-silva-20.10.2022-salatiel-e-tila-300x200.jpeg 300w, https:\/\/www.camacari.ba.gov.br\/wp-content\/uploads\/2022\/10\/secult-abertura-wcti-leandro-silva-20.10.2022-salatiel-e-tila-768x512.jpeg 768w\" sizes=\"auto, (max-width: 1024px) 100vw, 1024px\"><figcaption>Salatiel Meireles e Tila Santos<\/figcaption><\/figure><figcaption class=\"blocks-gallery-caption\">Foto: Leandro Silva<\/figcaption><\/figure>\n","protected":false},"excerpt":{"rendered":"<p>O II Workshop de Ci\u00eancia, Tecnologia e Inova\u00e7\u00e3o (WCTI) foi aberto na manh\u00e3 desta quinta-feira (20\/10), marcado por cerim\u00f4nia no Teatro Cidade do Saber, que atraiu dezenas de estudantes. Ediel Lino, 15 anos, aluno do 9\u00ba ano da Escola da M\u00f4nica, foi um deles e contou que pretende participar de todos os dias do evento,<\/p>\n","protected":false},"author":1,"featured_media":11455,"comment_status":"open","ping_status":"open","sticky":false,"template":"","format":"standard","meta":{"om_disable_all_campaigns":false,"_monsterinsights_skip_tracking":false,"_monsterinsights_sitenote_active":false,"_monsterinsights_sitenote_note":"","_monsterinsights_sitenote_category":0,"footnotes":""},"categories":[40],"tags":[],"class_list":{"0":"post-11454","1":"post","2":"type-post","3":"status-publish","4":"format-standard","5":"has-post-thumbnail","7":"category-camacari"},"_links":{"self":[{"href":"https:\/\/comandogeraldanoticia.com.br\/index.php\/wp-json\/wp\/v2\/posts\/11454","targetHints":{"allow":["GET"]}}],"collection":[{"href":"https:\/\/comandogeraldanoticia.com.br\/index.php\/wp-json\/wp\/v2\/posts"}],"about":[{"href":"https:\/\/comandogeraldanoticia.com.br\/index.php\/wp-json\/wp\/v2\/types\/post"}],"author":[{"embeddable":true,"href":"https:\/\/comandogeraldanoticia.com.br\/index.php\/wp-json\/wp\/v2\/users\/1"}],"replies":[{"embeddable":true,"href":"https:\/\/comandogeraldanoticia.com.br\/index.php\/wp-json\/wp\/v2\/comments?post=11454"}],"version-history":[{"count":0,"href":"https:\/\/comandogeraldanoticia.com.br\/index.php\/wp-json\/wp\/v2\/posts\/11454\/revisions"}],"wp:featuredmedia":[{"embeddable":true,"href":"https:\/\/comandogeraldanoticia.com.br\/index.php\/wp-json\/wp\/v2\/media\/11455"}],"wp:attachment":[{"href":"https:\/\/comandogeraldanoticia.com.br\/index.php\/wp-json\/wp\/v2\/media?parent=11454"}],"wp:term":[{"taxonomy":"category","embeddable":true,"href":"https:\/\/comandogeraldanoticia.com.br\/index.php\/wp-json\/wp\/v2\/categories?post=11454"},{"taxonomy":"post_tag","embeddable":true,"href":"https:\/\/comandogeraldanoticia.com.br\/index.php\/wp-json\/wp\/v2\/tags?post=11454"}],"curies":[{"name":"wp","href":"https:\/\/api.w.org\/{rel}","templated":true}]}}