{"id":11452,"date":"2022-10-20T18:18:47","date_gmt":"2022-10-20T18:18:47","guid":{"rendered":"https:\/\/comandogeraldanoticia.com.br\/index.php\/2022\/10\/20\/semu-nas-escolas-chega-a-9a-edicao\/"},"modified":"2022-10-20T18:18:47","modified_gmt":"2022-10-20T18:18:47","slug":"semu-nas-escolas-chega-a-9a-edicao","status":"publish","type":"post","link":"https:\/\/comandogeraldanoticia.com.br\/index.php\/2022\/10\/20\/semu-nas-escolas-chega-a-9a-edicao\/","title":{"rendered":"Semu nas Escolas chega a 9\u00aa edi\u00e7\u00e3o"},"content":{"rendered":"<p>Nesta ter\u00e7a-feira (25\/10), a partir das 19h, a Escola Municipal Ilay Garcia Ellery, receber\u00e1 a 9\u00ba edi\u00e7\u00e3o do projeto Semu nas Escolas \u2013 Todos Pelo Fim da Viol\u00eancia Contra a Mulher. A atividade, que acontece no bairro Novo Horizonte, promove uma palestra para os alunos da Educa\u00e7\u00e3o de Jovens e Adultos (EJA), p\u00fablico-alvo da a\u00e7\u00e3o.<\/p>\n<p>O projeto \u00e9 resultado da parceria entre as secretarias da Mulher (Semu) e da Educa\u00e7\u00e3o (Seduc), que compreendem que as escolas s\u00e3o pilares importantes na luta pela igualdade de g\u00eanero e o fim da viol\u00eancia contra as mulheres, que s\u00e3o espa\u00e7os de preven\u00e7\u00e3o.<\/p>\n<figure class=\"wp-block-image size-large\"><img fetchpriority=\"high\" decoding=\"async\" width=\"1024\" height=\"1024\" src=\"https:\/\/www.camacari.ba.gov.br\/wp-content\/uploads\/2022\/10\/semu-card-9a-edicao-semu-nas-escolas-escola-ilay-garcia-ellery-1024x1024.jpeg\" alt=\"\" class=\"wp-image-184401\" srcset=\"https:\/\/www.camacari.ba.gov.br\/wp-content\/uploads\/2022\/10\/semu-card-9a-edicao-semu-nas-escolas-escola-ilay-garcia-ellery-1024x1024.jpeg 1024w, https:\/\/www.camacari.ba.gov.br\/wp-content\/uploads\/2022\/10\/semu-card-9a-edicao-semu-nas-escolas-escola-ilay-garcia-ellery-300x300.jpeg 300w, https:\/\/www.camacari.ba.gov.br\/wp-content\/uploads\/2022\/10\/semu-card-9a-edicao-semu-nas-escolas-escola-ilay-garcia-ellery-150x150.jpeg 150w, https:\/\/www.camacari.ba.gov.br\/wp-content\/uploads\/2022\/10\/semu-card-9a-edicao-semu-nas-escolas-escola-ilay-garcia-ellery-768x768.jpeg 768w, https:\/\/www.camacari.ba.gov.br\/wp-content\/uploads\/2022\/10\/semu-card-9a-edicao-semu-nas-escolas-escola-ilay-garcia-ellery.jpeg 1080w\" sizes=\"(max-width: 1024px) 100vw, 1024px\"><\/figure>\n","protected":false},"excerpt":{"rendered":"<p>Nesta ter\u00e7a-feira (25\/10), a partir das 19h, a Escola Municipal Ilay Garcia Ellery, receber\u00e1 a 9\u00ba edi\u00e7\u00e3o do projeto Semu nas Escolas \u2013 Todos Pelo Fim da Viol\u00eancia Contra a Mulher. A atividade, que acontece no bairro Novo Horizonte, promove uma palestra para os alunos da Educa\u00e7\u00e3o de Jovens e Adultos (EJA), p\u00fablico-alvo da a\u00e7\u00e3o.<\/p>\n","protected":false},"author":1,"featured_media":11453,"comment_status":"open","ping_status":"open","sticky":false,"template":"","format":"standard","meta":{"om_disable_all_campaigns":false,"_monsterinsights_skip_tracking":false,"_monsterinsights_sitenote_active":false,"_monsterinsights_sitenote_note":"","_monsterinsights_sitenote_category":0,"footnotes":""},"categories":[40],"tags":[],"class_list":{"0":"post-11452","1":"post","2":"type-post","3":"status-publish","4":"format-standard","5":"has-post-thumbnail","7":"category-camacari"},"_links":{"self":[{"href":"https:\/\/comandogeraldanoticia.com.br\/index.php\/wp-json\/wp\/v2\/posts\/11452","targetHints":{"allow":["GET"]}}],"collection":[{"href":"https:\/\/comandogeraldanoticia.com.br\/index.php\/wp-json\/wp\/v2\/posts"}],"about":[{"href":"https:\/\/comandogeraldanoticia.com.br\/index.php\/wp-json\/wp\/v2\/types\/post"}],"author":[{"embeddable":true,"href":"https:\/\/comandogeraldanoticia.com.br\/index.php\/wp-json\/wp\/v2\/users\/1"}],"replies":[{"embeddable":true,"href":"https:\/\/comandogeraldanoticia.com.br\/index.php\/wp-json\/wp\/v2\/comments?post=11452"}],"version-history":[{"count":0,"href":"https:\/\/comandogeraldanoticia.com.br\/index.php\/wp-json\/wp\/v2\/posts\/11452\/revisions"}],"wp:featuredmedia":[{"embeddable":true,"href":"https:\/\/comandogeraldanoticia.com.br\/index.php\/wp-json\/wp\/v2\/media\/11453"}],"wp:attachment":[{"href":"https:\/\/comandogeraldanoticia.com.br\/index.php\/wp-json\/wp\/v2\/media?parent=11452"}],"wp:term":[{"taxonomy":"category","embeddable":true,"href":"https:\/\/comandogeraldanoticia.com.br\/index.php\/wp-json\/wp\/v2\/categories?post=11452"},{"taxonomy":"post_tag","embeddable":true,"href":"https:\/\/comandogeraldanoticia.com.br\/index.php\/wp-json\/wp\/v2\/tags?post=11452"}],"curies":[{"name":"wp","href":"https:\/\/api.w.org\/{rel}","templated":true}]}}