{"id":11426,"date":"2022-10-20T17:14:43","date_gmt":"2022-10-20T17:14:43","guid":{"rendered":"https:\/\/comandogeraldanoticia.com.br\/index.php\/2022\/10\/20\/agronegocio-foi-favorecido-por-lula-e-dilma-mas-resistencia-as-fiscalizacoes-trabalhistas-e-ambientais-faz-setor-apoiar-bolsonaro-avalia-caio-pompeia\/"},"modified":"2022-10-20T17:14:43","modified_gmt":"2022-10-20T17:14:43","slug":"agronegocio-foi-favorecido-por-lula-e-dilma-mas-resistencia-as-fiscalizacoes-trabalhistas-e-ambientais-faz-setor-apoiar-bolsonaro-avalia-caio-pompeia","status":"publish","type":"post","link":"https:\/\/comandogeraldanoticia.com.br\/index.php\/2022\/10\/20\/agronegocio-foi-favorecido-por-lula-e-dilma-mas-resistencia-as-fiscalizacoes-trabalhistas-e-ambientais-faz-setor-apoiar-bolsonaro-avalia-caio-pompeia\/","title":{"rendered":"Agroneg\u00f3cio foi favorecido por Lula e Dilma, mas resist\u00eancia \u00e0s fiscaliza\u00e7\u00f5es trabalhistas e ambientais faz setor apoiar Bolsonaro, avalia Caio Pompeia"},"content":{"rendered":"<p><img decoding=\"async\" src=\"https:\/\/s2.glbimg.com\/lTtB5ps1REylEVL-IkXqFW-Lf_8=\/i.s3.glbimg.com\/v1\/AUTH_59edd422c0c84a879bd37670ae4f538a\/internal_photos\/bs\/2021\/D\/6\/AyTAB8T8Sp38GUT5pE5Q\/fta20210922117.jpg\"><br \/>   &#8216;Da porteira para dentro&#8217;, bonan\u00e7a do setor agropecu\u00e1rio que se favorece com exporta\u00e7\u00e3o explica apoio expressivo do setor ao bolsonarismo.  No cintur\u00e3o do agroneg\u00f3cio brasileiro, que perpassa pelo interior dos estados do Sul e de S\u00e3o Paulo e integra o Centro-Oeste e sua fronteira com o Norte, o resultado das urnas neste 1\u00ba turno traduziu o expressivo apoio que o setor oferece a Jair Bolsonaro.<br \/>\n&#8220;Da porteira para dentro&#8221;, o PIB do setor agropecu\u00e1rio cresceu 25,6% mais do que o restante do pa\u00eds, explica Mars\u00edlea Gombata, rep\u00f3rter de macroeconomia do jornal Valor Econ\u00f4mico. J\u00e1 o restante da economia \u2013 que, segundo a jornalista, responderia por uma fatia de 60% do PIB brasileiro \u2013 &#8220;o crescimento de 2019 a 2022 foi de 3,8%&#8221;.<br \/>\ncolheita de trigo, campo, produ\u00e7\u00e3o agr\u00edcola, agroneg\u00f3cio<br \/>\nDirceu Portugal\/Fotoarena\/Estad\u00e3o Conte\u00fado<br \/>\nA origem desse crescimento, explica Mars\u00edlea, se deve, sobretudo a fatores externos, que valorizam a produ\u00e7\u00e3o brasileira focada em itens de exporta\u00e7\u00e3o, como soja e milho.<br \/>\n&#8220;H\u00e1 componentes hist\u00f3ricos e conjunturais que explicam a bonan\u00e7a nesse &#8216;Brasil Agro&#8217;. A primeira raz\u00e3o por tr\u00e1s disso \u00e9 o pre\u00e7o no mercado internacional. Tivemos pre\u00e7os muito favor\u00e1veis \u00e0s commodities que o Brasil exporta, especialmente nesse \u00faltimo ano.&#8221;<br \/>\nLeia tamb\u00e9m<br \/>\nRecordes no agroneg\u00f3cio e aumento da fome no Brasil: como isso pode acontecer ao mesmo tempo?<br \/>\n&#8216;Agro training&#8217;: ruralistas ajudaram na prepara\u00e7\u00e3o de Lula para entrevistas sobre agroneg\u00f3cio<br \/>\nDen\u00fancias de ass\u00e9dio eleitoral sobem de 447 para 706 em um dia<br \/>\nApesar do enriquecimento do &#8220;Brasil Agro&#8221; durante o governo Bolsonaro, &#8220;n\u00e3o h\u00e1 d\u00favidas com rela\u00e7\u00e3o ao quanto o Agro se beneficiou durante as gest\u00f5es petistas&#8221;, afirma Caio Pompeia, autor do livro &#8220;Forma\u00e7\u00e3o pol\u00edtica do Agroneg\u00f3cio&#8221;.<br \/>\n A resist\u00eancia a um poss\u00edvel retorno de Lula, explica Pompeia, pode ser explicada pela mobiliza\u00e7\u00e3o dos governos petistas em torno de temas como a fiscaliza\u00e7\u00e3o das pol\u00edticas ambientais, das rela\u00e7\u00f5es trabalhistas nas fazendas e disputa de recursos entre agentes grandes e m\u00e9dios do agroneg\u00f3cio e integrantes da chamada &#8220;agricultura familiar&#8221;.<br \/>\n&#8220;Esse conjunto de elementos acabou gerando bastante insatisfa\u00e7\u00e3o. Em rela\u00e7\u00e3o \u00e0 segunda dimens\u00e3o, aquela mais ideol\u00f3gica, existe \u00e9 claro, entre esses fatores, diferentes graus de conservadorismo.&#8221;<br \/>\nOu\u00e7a a entrevista.<br \/>\nInitial plugin text<\/p>\n","protected":false},"excerpt":{"rendered":"<p>&#8216;Da porteira para dentro&#8217;, bonan\u00e7a do setor agropecu\u00e1rio que se favorece com exporta\u00e7\u00e3o explica apoio expressivo do setor ao bolsonarismo. No cintur\u00e3o do agroneg\u00f3cio brasileiro, que perpassa pelo interior dos estados do Sul e de S\u00e3o Paulo e integra o Centro-Oeste e sua fronteira com o Norte, o resultado das urnas neste 1\u00ba turno traduziu<\/p>\n","protected":false},"author":1,"featured_media":11427,"comment_status":"open","ping_status":"open","sticky":false,"template":"","format":"standard","meta":{"om_disable_all_campaigns":false,"_monsterinsights_skip_tracking":false,"_monsterinsights_sitenote_active":false,"_monsterinsights_sitenote_note":"","_monsterinsights_sitenote_category":0,"footnotes":""},"categories":[43],"tags":[],"class_list":{"0":"post-11426","1":"post","2":"type-post","3":"status-publish","4":"format-standard","5":"has-post-thumbnail","7":"category-economia"},"_links":{"self":[{"href":"https:\/\/comandogeraldanoticia.com.br\/index.php\/wp-json\/wp\/v2\/posts\/11426","targetHints":{"allow":["GET"]}}],"collection":[{"href":"https:\/\/comandogeraldanoticia.com.br\/index.php\/wp-json\/wp\/v2\/posts"}],"about":[{"href":"https:\/\/comandogeraldanoticia.com.br\/index.php\/wp-json\/wp\/v2\/types\/post"}],"author":[{"embeddable":true,"href":"https:\/\/comandogeraldanoticia.com.br\/index.php\/wp-json\/wp\/v2\/users\/1"}],"replies":[{"embeddable":true,"href":"https:\/\/comandogeraldanoticia.com.br\/index.php\/wp-json\/wp\/v2\/comments?post=11426"}],"version-history":[{"count":0,"href":"https:\/\/comandogeraldanoticia.com.br\/index.php\/wp-json\/wp\/v2\/posts\/11426\/revisions"}],"wp:featuredmedia":[{"embeddable":true,"href":"https:\/\/comandogeraldanoticia.com.br\/index.php\/wp-json\/wp\/v2\/media\/11427"}],"wp:attachment":[{"href":"https:\/\/comandogeraldanoticia.com.br\/index.php\/wp-json\/wp\/v2\/media?parent=11426"}],"wp:term":[{"taxonomy":"category","embeddable":true,"href":"https:\/\/comandogeraldanoticia.com.br\/index.php\/wp-json\/wp\/v2\/categories?post=11426"},{"taxonomy":"post_tag","embeddable":true,"href":"https:\/\/comandogeraldanoticia.com.br\/index.php\/wp-json\/wp\/v2\/tags?post=11426"}],"curies":[{"name":"wp","href":"https:\/\/api.w.org\/{rel}","templated":true}]}}