{"id":11402,"date":"2022-10-20T16:13:39","date_gmt":"2022-10-20T16:13:39","guid":{"rendered":"https:\/\/comandogeraldanoticia.com.br\/index.php\/2022\/10\/20\/estado-de-sp-cancela-cobranca-do-ipva-de-228-mil-veiculos-de-motoristas-com-deficiencia\/"},"modified":"2022-10-20T16:13:39","modified_gmt":"2022-10-20T16:13:39","slug":"estado-de-sp-cancela-cobranca-do-ipva-de-228-mil-veiculos-de-motoristas-com-deficiencia","status":"publish","type":"post","link":"https:\/\/comandogeraldanoticia.com.br\/index.php\/2022\/10\/20\/estado-de-sp-cancela-cobranca-do-ipva-de-228-mil-veiculos-de-motoristas-com-deficiencia\/","title":{"rendered":"Estado de SP cancela cobran\u00e7a do IPVA de 228 mil ve\u00edculos de motoristas com defici\u00eancia"},"content":{"rendered":"<p><img decoding=\"async\" src=\"https:\/\/s2.glbimg.com\/z0CvZBbSLmLMEsRCV1ufO_ha5fs=\/i.s3.glbimg.com\/v1\/AUTH_59edd422c0c84a879bd37670ae4f538a\/internal_photos\/bs\/2022\/7\/O\/6USkcvSfOii0RXA6asuQ\/567c8fb5-cf3c-4401-a9ff-a4f75647a47e.jpg\"><br \/>   Os donos dos carros que j\u00e1 eram isentos em 2020 e 2021 continuam sem a obriga\u00e7\u00e3o de pagar o tributo. Quem pagou as parcelas IPVA no in\u00edcio do ano pode pegar o dinheiro de volta sem precisar solicitar.  Tr\u00e2nsito na regi\u00e3o central da capital paulista<br \/>\nCelso Tavares\/g1<br \/>\nA Secretaria da Fazenda e Planejamento do Estado de S\u00e3o Paulo informou nesta quinta-feira (20) que retirou a cobran\u00e7a do IPVA de 228.337 ve\u00edculos de propriedade de pessoas com defici\u00eancia (PCD).<br \/>\nOs donos dos carros que j\u00e1 eram isentos em 2020 e 2021 continuam sem a obriga\u00e7\u00e3o de pagar o tributo desde que n\u00e3o tenha feito a transfer\u00eancia do ve\u00edculo. A cobran\u00e7a do IPVA para esse grupo, que estava suspensa at\u00e9 31 de julho deste ano, foi cancelada em definitivo.<br \/>\nDe acordo com a Secretaria da Fazenda, quem pagou as parcelas IPVA no in\u00edcio do ano, antes da suspens\u00e3o, pode pegar o dinheiro de volta sem precisar solicitar.<br \/>\nOs valores est\u00e3o dispon\u00edveis no Banco do Brasil desde o dia 31 de agosto e ficar\u00e3o por dois anos, bastando apresentar o documento de identidade original do propriet\u00e1rio com foto e o Certificado de Registro e Licenciamento do Ve\u00edculo (CRLV) para sacar.<br \/>\nAinda conforme a Fazenda, 27.793 propriet\u00e1rios ter\u00e3o que pagar a diferen\u00e7a entre a isen\u00e7\u00e3o e o valor do ve\u00edculo. O valor venal para o exerc\u00edcio de 2022 est\u00e1 entre R$ 70 mil e R$ 100 mil. Os ve\u00edculos com valor venal superior a R$ 100 mil n\u00e3o t\u00eam direito \u00e0 isen\u00e7\u00e3o.<br \/>\nA consulta de d\u00e9bitos vinculados ao ve\u00edculo pode ser feita em na p\u00e1gina do IPVA da Sefaz-SP. Se houver saldo a pagar, ele poder\u00e1 ser quitado sem multa ou juros at\u00e9 o dia 30 de novembro na rede banc\u00e1ria autorizada ou nas casas lot\u00e9ricas, bastando apresentar o n\u00famero do Renavam do ve\u00edculo, que pode ser encontrado no CRLV (Certificado de Registro e Licenciamento de Ve\u00edculo).<br \/>\nPedidos de isen\u00e7\u00e3o<br \/>\nOs pedidos de isen\u00e7\u00e3o de IPVA feitos neste ano de 2022 por pessoas com defici\u00eancia para ve\u00edculos que tiveram a isen\u00e7\u00e3o convalidada ser\u00e3o automaticamente deferidos, n\u00e3o sendo necess\u00e1ria a\u00e7\u00e3o alguma por parte dos propriet\u00e1rios.<br \/>\nA isen\u00e7\u00e3o convalidada para o IPVA 2022 ser\u00e1 mantida para o IPVA 2023, desde que n\u00e3o haja altera\u00e7\u00e3o na propriedade do ve\u00edculo.<br \/>\nJ\u00e1 as pessoas que j\u00e1 adquiriram o ve\u00edculo e n\u00e3o tinham isen\u00e7\u00e3o deferida em 2020 ou 2021, mas se julgam enquadradas nas novas condi\u00e7\u00f5es para a concess\u00e3o do benef\u00edcio, devem fazer o Pedido de Isen\u00e7\u00e3o de IPVA &#8211; Pessoa com defici\u00eancia f\u00edsica, sensorial, intelectual ou mental, ou autista no Sistema de Ve\u00edculos (Sivei) da Sefaz-SP at\u00e9 30 de novembro.<br \/>\nAt\u00e9 essa data tamb\u00e9m dever\u00e1 agendar a per\u00edcia para obten\u00e7\u00e3o do laudo pericial regulamentado pelo Imesc.<\/p>\n","protected":false},"excerpt":{"rendered":"<p>Os donos dos carros que j\u00e1 eram isentos em 2020 e 2021 continuam sem a obriga\u00e7\u00e3o de pagar o tributo. Quem pagou as parcelas IPVA no in\u00edcio do ano pode pegar o dinheiro de volta sem precisar solicitar. Tr\u00e2nsito na regi\u00e3o central da capital paulista Celso Tavares\/g1 A Secretaria da Fazenda e Planejamento do Estado<\/p>\n","protected":false},"author":1,"featured_media":11403,"comment_status":"open","ping_status":"open","sticky":false,"template":"","format":"standard","meta":{"om_disable_all_campaigns":false,"_monsterinsights_skip_tracking":false,"_monsterinsights_sitenote_active":false,"_monsterinsights_sitenote_note":"","_monsterinsights_sitenote_category":0,"footnotes":""},"categories":[43],"tags":[],"class_list":{"0":"post-11402","1":"post","2":"type-post","3":"status-publish","4":"format-standard","5":"has-post-thumbnail","7":"category-economia"},"_links":{"self":[{"href":"https:\/\/comandogeraldanoticia.com.br\/index.php\/wp-json\/wp\/v2\/posts\/11402","targetHints":{"allow":["GET"]}}],"collection":[{"href":"https:\/\/comandogeraldanoticia.com.br\/index.php\/wp-json\/wp\/v2\/posts"}],"about":[{"href":"https:\/\/comandogeraldanoticia.com.br\/index.php\/wp-json\/wp\/v2\/types\/post"}],"author":[{"embeddable":true,"href":"https:\/\/comandogeraldanoticia.com.br\/index.php\/wp-json\/wp\/v2\/users\/1"}],"replies":[{"embeddable":true,"href":"https:\/\/comandogeraldanoticia.com.br\/index.php\/wp-json\/wp\/v2\/comments?post=11402"}],"version-history":[{"count":0,"href":"https:\/\/comandogeraldanoticia.com.br\/index.php\/wp-json\/wp\/v2\/posts\/11402\/revisions"}],"wp:featuredmedia":[{"embeddable":true,"href":"https:\/\/comandogeraldanoticia.com.br\/index.php\/wp-json\/wp\/v2\/media\/11403"}],"wp:attachment":[{"href":"https:\/\/comandogeraldanoticia.com.br\/index.php\/wp-json\/wp\/v2\/media?parent=11402"}],"wp:term":[{"taxonomy":"category","embeddable":true,"href":"https:\/\/comandogeraldanoticia.com.br\/index.php\/wp-json\/wp\/v2\/categories?post=11402"},{"taxonomy":"post_tag","embeddable":true,"href":"https:\/\/comandogeraldanoticia.com.br\/index.php\/wp-json\/wp\/v2\/tags?post=11402"}],"curies":[{"name":"wp","href":"https:\/\/api.w.org\/{rel}","templated":true}]}}