{"id":11370,"date":"2022-10-20T15:10:49","date_gmt":"2022-10-20T15:10:49","guid":{"rendered":"https:\/\/comandogeraldanoticia.com.br\/index.php\/2022\/10\/20\/sesau-lamenta-falecimento-de-servidor-do-pa-dr-artur-sampaio\/"},"modified":"2022-10-20T15:10:49","modified_gmt":"2022-10-20T15:10:49","slug":"sesau-lamenta-falecimento-de-servidor-do-pa-dr-artur-sampaio","status":"publish","type":"post","link":"https:\/\/comandogeraldanoticia.com.br\/index.php\/2022\/10\/20\/sesau-lamenta-falecimento-de-servidor-do-pa-dr-artur-sampaio\/","title":{"rendered":"Sesau lamenta falecimento de servidor do PA Dr. Artur Sampaio"},"content":{"rendered":"<p>\u00c9 com pesar, que a Prefeitura de Cama\u00e7ari, atrav\u00e9s da Secretaria da Sa\u00fade (Sesau), lamenta o falecimento de Estephanine Lamoglia J\u00fanior, 49 anos, servidor estatut\u00e1rio da pasta desde 2010. O colaborador, que atuava como condutor da ambul\u00e2ncia do Pronto Atendimento (PA) Dr. Artur Sampaio, em Vila de Abrantes, faleceu na tarde da \u00faltima quarta-feira (19\/10), em um acidente de moto em Salvador. O sepultamento ocorrer\u00e1 nesta quinta-feira (20\/10), \u00e0s 15h, no Cemit\u00e9rio de Brotas.<\/p>\n","protected":false},"excerpt":{"rendered":"<p>\u00c9 com pesar, que a Prefeitura de Cama\u00e7ari, atrav\u00e9s da Secretaria da Sa\u00fade (Sesau), lamenta o falecimento de Estephanine Lamoglia J\u00fanior, 49 anos, servidor estatut\u00e1rio da pasta desde 2010. O colaborador, que atuava como condutor da ambul\u00e2ncia do Pronto Atendimento (PA) Dr. Artur Sampaio, em Vila de Abrantes, faleceu na tarde da \u00faltima quarta-feira (19\/10),<\/p>\n","protected":false},"author":1,"featured_media":11371,"comment_status":"open","ping_status":"open","sticky":false,"template":"","format":"standard","meta":{"om_disable_all_campaigns":false,"_monsterinsights_skip_tracking":false,"_monsterinsights_sitenote_active":false,"_monsterinsights_sitenote_note":"","_monsterinsights_sitenote_category":0,"footnotes":""},"categories":[40],"tags":[],"class_list":{"0":"post-11370","1":"post","2":"type-post","3":"status-publish","4":"format-standard","5":"has-post-thumbnail","7":"category-camacari"},"_links":{"self":[{"href":"https:\/\/comandogeraldanoticia.com.br\/index.php\/wp-json\/wp\/v2\/posts\/11370","targetHints":{"allow":["GET"]}}],"collection":[{"href":"https:\/\/comandogeraldanoticia.com.br\/index.php\/wp-json\/wp\/v2\/posts"}],"about":[{"href":"https:\/\/comandogeraldanoticia.com.br\/index.php\/wp-json\/wp\/v2\/types\/post"}],"author":[{"embeddable":true,"href":"https:\/\/comandogeraldanoticia.com.br\/index.php\/wp-json\/wp\/v2\/users\/1"}],"replies":[{"embeddable":true,"href":"https:\/\/comandogeraldanoticia.com.br\/index.php\/wp-json\/wp\/v2\/comments?post=11370"}],"version-history":[{"count":0,"href":"https:\/\/comandogeraldanoticia.com.br\/index.php\/wp-json\/wp\/v2\/posts\/11370\/revisions"}],"wp:featuredmedia":[{"embeddable":true,"href":"https:\/\/comandogeraldanoticia.com.br\/index.php\/wp-json\/wp\/v2\/media\/11371"}],"wp:attachment":[{"href":"https:\/\/comandogeraldanoticia.com.br\/index.php\/wp-json\/wp\/v2\/media?parent=11370"}],"wp:term":[{"taxonomy":"category","embeddable":true,"href":"https:\/\/comandogeraldanoticia.com.br\/index.php\/wp-json\/wp\/v2\/categories?post=11370"},{"taxonomy":"post_tag","embeddable":true,"href":"https:\/\/comandogeraldanoticia.com.br\/index.php\/wp-json\/wp\/v2\/tags?post=11370"}],"curies":[{"name":"wp","href":"https:\/\/api.w.org\/{rel}","templated":true}]}}