{"id":11339,"date":"2022-10-20T12:13:55","date_gmt":"2022-10-20T12:13:55","guid":{"rendered":"https:\/\/comandogeraldanoticia.com.br\/index.php\/2022\/10\/20\/dolar\/"},"modified":"2022-10-20T12:13:55","modified_gmt":"2022-10-20T12:13:55","slug":"dolar","status":"publish","type":"post","link":"https:\/\/comandogeraldanoticia.com.br\/index.php\/2022\/10\/20\/dolar\/","title":{"rendered":"D\u00f3lar"},"content":{"rendered":"<p><img decoding=\"async\" src=\"https:\/\/s2.glbimg.com\/YR6NaRf-MCrBXSKKzUJfj_QQ3Sw=\/i.s3.glbimg.com\/v1\/AUTH_59edd422c0c84a879bd37670ae4f538a\/internal_photos\/bs\/2021\/A\/P\/eAGVvrSECcxMxn2HMfRw\/foto-02-real-invest-materia-03.jpg\"><br \/>   No fim do \u00faltimo preg\u00e3o, a moeda norte-americana registrou baixa de 0,42%, cotada a R$ 5,2747. C\u00e9dulas de d\u00f3lar<br \/>\nDivulga\u00e7\u00e3o<br \/>\nO d\u00f3lar abriu em baixa nesta quinta-feira (20), com dados de infla\u00e7\u00e3o na Europa e casos de Covid-19 na China pesando sobre o humor do mercado, o que favorece a valoriza\u00e7\u00e3o da moeda americana.<br \/>\n\u00c0s 09h, o d\u00f3lar registrava baixa de 0,76%, cotada a R$ 5,2347. Veja mais cota\u00e7\u00f5es.<br \/>\nNo dia anterior, a moeda subiu 0,42%, cotado a R$ 5,2747. Com o resultado da v\u00e9spera, acumulou queda de 0,91% na semana, de 2,21% no m\u00eas e de 5,38% no ano frente ao real.<br \/>\nLEIA TAMB\u00c9M:<br \/>\nComercial x turismo: qual a diferen\u00e7a e por que o turismo \u00e9 mais caro?<br \/>\nQual o melhor momento para comprar a moeda?<br \/>\nDinheiro ou cart\u00e3o? Qual a melhor forma de levar d\u00f3lares em viagens?<br \/>\nEntenda: O que faz o d\u00f3lar subir ou cair em rela\u00e7\u00e3o ao real<br \/>\no<br \/>\nO que est\u00e1 mexendo com os mercados?<br \/>\nOntem. a varia\u00e7\u00e3o do d\u00f3lar acompanhou um dia mais morno nos mercados internacionais. Substituindo o tom positivo que predominou nos \u00faltimos dois preg\u00f5es, as bolsas globais operaram mistas, em leves altas e baixas.<br \/>\nNo notici\u00e1rio interno, as aten\u00e7\u00f5es permanecem voltadas para os desdobramentos da corrida eleitoral para o segundo turno para Presid\u00eancia da Rep\u00fablica.<br \/>\nNesta manh\u00e3, a Funda\u00e7\u00e3o Getulio Vargas (FGV) divulgou o Monitor do PIB referente a agosto. Segundo o estudo da institui\u00e7\u00e3o, a economia brasileira teve uma retra\u00e7\u00e3o de 0,8% naquele m\u00eas frente a julho, puxada pela queda no consumo das fam\u00edlias.<br \/>\nJ\u00e1 no exterior, o destaque fica por conta da infla\u00e7\u00e3o na zona do euro e no Reino Unido. Em setembro, o \u00edndice de pre\u00e7os ao consumidor (CPI, na sigla em ingl\u00eas) subiu 1,2% nos pa\u00edses da Uni\u00e3o Europeia. No acumulado em 12 meses, o CPI acumula alta de 9,9%, enquanto as expectativas do mercado eram de 10%. Apesar de abaixo do esperado, a infla\u00e7\u00e3o da zona do euro continua a maior em d\u00e9cadas.<br \/>\nNo Reino Unido, a infla\u00e7\u00e3o avan\u00e7ou 0,5% na compara\u00e7\u00e3o mensal e 10,1% ano a ano, acima das proje\u00e7\u00f5es de analistas, que previam alta anual de 10%. Em 12 meses, o CPI da regi\u00e3o acumula a maior alta desde 1982.<br \/>\nJ\u00e1 nos Estados Unidos, a atividade econ\u00f4mica expandiu modestamente nas \u00faltimas semanas, embora a atividade tenha ficado est\u00e1vel em algumas regi\u00f5es do pa\u00eds e ca\u00eddo em outras, disse o Federal Reserve nesta quarta-feira, em relat\u00f3rio que mostrou as empresas ficando mais pessimistas em rela\u00e7\u00e3o \u00e0s perspectivas.<br \/>\n&#8220;A atividade econ\u00f4mica nacional expandiu modestamente em termos l\u00edquidos desde o relat\u00f3rio anterior; no entanto, as condi\u00e7\u00f5es variaram entre setores e distritos&#8221;, disse o banco central dos EUA em sua mais recente cole\u00e7\u00e3o de pesquisas conhecida como &#8220;Livro Bege&#8221;, realizada em seus 12 distritos at\u00e9 7 de outubro.<br \/>\n&#8220;As perspectivas ficaram mais pessimistas em meio a preocupa\u00e7\u00f5es crescentes com o enfraquecimento da demanda&#8221;, afirmou a autoridade monet\u00e1ria.<br \/>\nNo continente asi\u00e1tico, as aten\u00e7\u00f5es se voltam mais uma vez para os dados de Covid-19 na China. Segundo estat\u00edsticas do pa\u00eds, as infec\u00e7\u00f5es pela doen\u00e7a em Pequim atingiram o maior n\u00edvel desde junho, com m\u00e9dia di\u00e1ria de 22 casos na \u00faltima semana.<br \/>\nTodo este cen\u00e1rio global gera incertezas sobre os rumos da economia ao mercado. Assim, por ser considerada uma das moedas mais seguras do mundo, o d\u00f3lar ganha for\u00e7a ante outros pa\u00edses, explicando a valoriza\u00e7\u00e3o da moeda sobre o real neste preg\u00e3o.<br \/>\nInitial plugin text<\/p>\n","protected":false},"excerpt":{"rendered":"<p>No fim do \u00faltimo preg\u00e3o, a moeda norte-americana registrou baixa de 0,42%, cotada a R$ 5,2747. C\u00e9dulas de d\u00f3lar Divulga\u00e7\u00e3o O d\u00f3lar abriu em baixa nesta quinta-feira (20), com dados de infla\u00e7\u00e3o na Europa e casos de Covid-19 na China pesando sobre o humor do mercado, o que favorece a valoriza\u00e7\u00e3o da moeda americana. \u00c0s<\/p>\n","protected":false},"author":1,"featured_media":11340,"comment_status":"open","ping_status":"open","sticky":false,"template":"","format":"standard","meta":{"om_disable_all_campaigns":false,"_monsterinsights_skip_tracking":false,"_monsterinsights_sitenote_active":false,"_monsterinsights_sitenote_note":"","_monsterinsights_sitenote_category":0,"footnotes":""},"categories":[43],"tags":[],"class_list":{"0":"post-11339","1":"post","2":"type-post","3":"status-publish","4":"format-standard","5":"has-post-thumbnail","7":"category-economia"},"_links":{"self":[{"href":"https:\/\/comandogeraldanoticia.com.br\/index.php\/wp-json\/wp\/v2\/posts\/11339","targetHints":{"allow":["GET"]}}],"collection":[{"href":"https:\/\/comandogeraldanoticia.com.br\/index.php\/wp-json\/wp\/v2\/posts"}],"about":[{"href":"https:\/\/comandogeraldanoticia.com.br\/index.php\/wp-json\/wp\/v2\/types\/post"}],"author":[{"embeddable":true,"href":"https:\/\/comandogeraldanoticia.com.br\/index.php\/wp-json\/wp\/v2\/users\/1"}],"replies":[{"embeddable":true,"href":"https:\/\/comandogeraldanoticia.com.br\/index.php\/wp-json\/wp\/v2\/comments?post=11339"}],"version-history":[{"count":0,"href":"https:\/\/comandogeraldanoticia.com.br\/index.php\/wp-json\/wp\/v2\/posts\/11339\/revisions"}],"wp:featuredmedia":[{"embeddable":true,"href":"https:\/\/comandogeraldanoticia.com.br\/index.php\/wp-json\/wp\/v2\/media\/11340"}],"wp:attachment":[{"href":"https:\/\/comandogeraldanoticia.com.br\/index.php\/wp-json\/wp\/v2\/media?parent=11339"}],"wp:term":[{"taxonomy":"category","embeddable":true,"href":"https:\/\/comandogeraldanoticia.com.br\/index.php\/wp-json\/wp\/v2\/categories?post=11339"},{"taxonomy":"post_tag","embeddable":true,"href":"https:\/\/comandogeraldanoticia.com.br\/index.php\/wp-json\/wp\/v2\/tags?post=11339"}],"curies":[{"name":"wp","href":"https:\/\/api.w.org\/{rel}","templated":true}]}}