{"id":11330,"date":"2022-10-20T12:12:55","date_gmt":"2022-10-20T12:12:55","guid":{"rendered":"https:\/\/comandogeraldanoticia.com.br\/index.php\/2022\/10\/20\/reino-unido-diz-que-aeronave-russa-dispara-missil-perto-de-aviao-espiao-britanico-sobre-mar-negro\/"},"modified":"2022-10-20T12:12:55","modified_gmt":"2022-10-20T12:12:55","slug":"reino-unido-diz-que-aeronave-russa-dispara-missil-perto-de-aviao-espiao-britanico-sobre-mar-negro","status":"publish","type":"post","link":"https:\/\/comandogeraldanoticia.com.br\/index.php\/2022\/10\/20\/reino-unido-diz-que-aeronave-russa-dispara-missil-perto-de-aviao-espiao-britanico-sobre-mar-negro\/","title":{"rendered":"Reino Unido diz que aeronave russa dispara m\u00edssil perto de avi\u00e3o espi\u00e3o brit\u00e2nico sobre Mar Negro"},"content":{"rendered":"<p>Incidente ocorreu em espa\u00e7o a\u00e9reo internacional e R\u00fassia afirmou que foi um defeito t\u00e9cnico. O ministro de Defesa brit\u00e2nico disse que n\u00e3o considera isso uma escalada russa. Um ca\u00e7a russo lan\u00e7ou um m\u00edssil perto de um avi\u00e3o espi\u00e3o brit\u00e2nico que patrulhava uma regi\u00e3o de espa\u00e7o a\u00e9reo internacional sobre o Mar Negro em 29 de setembro, disse o ministro da Defesa Ben Wallace nesta quinta-feira (20).<br \/>\n&#8220;Uma resposta do Ministro da Defesa russo em 10 de outubro afirmou que eles conduziram uma investiga\u00e7\u00e3o sobre as circunst\u00e2ncias do incidente e afirmaram que foi um defeito t\u00e9cnico do ca\u00e7a SU 27&#8221;, disse Wallace.<br \/>\nWallace afirmou ao Parlamento que o Reino Unido suspendeu as patrulhas logo ap\u00f3s o incidente e agora, ap\u00f3s a resposta do governo russo, foram retomadas as patrulhas.<br \/>\nOs avi\u00f5es de espionagem, que n\u00e3o possuem armamentos, agora t\u00eam escoltas de avi\u00f5es de combate, acrescentou Wallace, dizendo ainda que os aliados brit\u00e2nicos foram informados.<br \/>\n&#8220;N\u00e3o consideramos isso uma escalada deliberada pelos russos, nossa an\u00e1lise concorda que foi mau funcionamento&#8221;, disse Wallace.<\/p>\n","protected":false},"excerpt":{"rendered":"<p>Incidente ocorreu em espa\u00e7o a\u00e9reo internacional e R\u00fassia afirmou que foi um defeito t\u00e9cnico. O ministro de Defesa brit\u00e2nico disse que n\u00e3o considera isso uma escalada russa. Um ca\u00e7a russo lan\u00e7ou um m\u00edssil perto de um avi\u00e3o espi\u00e3o brit\u00e2nico que patrulhava uma regi\u00e3o de espa\u00e7o a\u00e9reo internacional sobre o Mar Negro em 29 de setembro,<\/p>\n","protected":false},"author":1,"featured_media":11331,"comment_status":"open","ping_status":"open","sticky":false,"template":"","format":"standard","meta":{"om_disable_all_campaigns":false,"_monsterinsights_skip_tracking":false,"_monsterinsights_sitenote_active":false,"_monsterinsights_sitenote_note":"","_monsterinsights_sitenote_category":0,"footnotes":""},"categories":[47],"tags":[],"class_list":{"0":"post-11330","1":"post","2":"type-post","3":"status-publish","4":"format-standard","5":"has-post-thumbnail","7":"category-mundo"},"_links":{"self":[{"href":"https:\/\/comandogeraldanoticia.com.br\/index.php\/wp-json\/wp\/v2\/posts\/11330","targetHints":{"allow":["GET"]}}],"collection":[{"href":"https:\/\/comandogeraldanoticia.com.br\/index.php\/wp-json\/wp\/v2\/posts"}],"about":[{"href":"https:\/\/comandogeraldanoticia.com.br\/index.php\/wp-json\/wp\/v2\/types\/post"}],"author":[{"embeddable":true,"href":"https:\/\/comandogeraldanoticia.com.br\/index.php\/wp-json\/wp\/v2\/users\/1"}],"replies":[{"embeddable":true,"href":"https:\/\/comandogeraldanoticia.com.br\/index.php\/wp-json\/wp\/v2\/comments?post=11330"}],"version-history":[{"count":0,"href":"https:\/\/comandogeraldanoticia.com.br\/index.php\/wp-json\/wp\/v2\/posts\/11330\/revisions"}],"wp:featuredmedia":[{"embeddable":true,"href":"https:\/\/comandogeraldanoticia.com.br\/index.php\/wp-json\/wp\/v2\/media\/11331"}],"wp:attachment":[{"href":"https:\/\/comandogeraldanoticia.com.br\/index.php\/wp-json\/wp\/v2\/media?parent=11330"}],"wp:term":[{"taxonomy":"category","embeddable":true,"href":"https:\/\/comandogeraldanoticia.com.br\/index.php\/wp-json\/wp\/v2\/categories?post=11330"},{"taxonomy":"post_tag","embeddable":true,"href":"https:\/\/comandogeraldanoticia.com.br\/index.php\/wp-json\/wp\/v2\/tags?post=11330"}],"curies":[{"name":"wp","href":"https:\/\/api.w.org\/{rel}","templated":true}]}}