{"id":11328,"date":"2022-10-20T12:12:56","date_gmt":"2022-10-20T12:12:56","guid":{"rendered":"https:\/\/comandogeraldanoticia.com.br\/index.php\/2022\/10\/20\/recusa-ao-plano-economico-de-liz-truss-e-o-principal-fator-para-a-instabilidade-no-cargo\/"},"modified":"2022-10-20T12:12:56","modified_gmt":"2022-10-20T12:12:56","slug":"recusa-ao-plano-economico-de-liz-truss-e-o-principal-fator-para-a-instabilidade-no-cargo","status":"publish","type":"post","link":"https:\/\/comandogeraldanoticia.com.br\/index.php\/2022\/10\/20\/recusa-ao-plano-economico-de-liz-truss-e-o-principal-fator-para-a-instabilidade-no-cargo\/","title":{"rendered":"Recusa ao plano econ\u00f4mico de Liz Truss \u00e9 o principal fator para a instabilidade no cargo"},"content":{"rendered":"<p><img decoding=\"async\" src=\"https:\/\/s2.glbimg.com\/VXIDFy89b9dW-c0AOLJduhv7mR4=\/i.s3.glbimg.com\/v1\/AUTH_59edd422c0c84a879bd37670ae4f538a\/internal_photos\/bs\/2022\/b\/u\/nlb2lhT06fw3TirjNa6g\/2022-10-19t105012z-918497618-rc2a4x9m12a8-rtrmadp-3-britain-politics.jpg\"><br \/>   Primeira-ministra brit\u00e2nica perdeu credibilidade ap\u00f3s a ren\u00fancia de dois dos seus principais ministros. Primeira-ministra do Reino Unido, Liz Truss, diante de fundo preto em Londres<br \/>\nToby Melville\/REUTERS<br \/>\nA primeira-ministra do Reino Unido, Liz Truss, se reune nesta quinta-feira (20) com os membros do partido conservador respons\u00e1veis por convocar novas elei\u00e7\u00f5es diante do risco de deixar o cargo que passou a ocupar em 6 de setembro deste ano.<br \/>\nO governo de Truss foi conturbado e repleto de dificuldades. Sua instabilidade, em grande parte, \u00e9 fruto dos diversos problemas econ\u00f4micos gerados pelo planejamento apresentado pela premi\u00ea para um corte amplo e severo de impostos no pa\u00eds e, em paralelo, um empr\u00e9stimo bilion\u00e1rio para cobrir o rombo nas contas p\u00fablicas.<br \/>\nMorte da Rainha Elizabeth II<br \/>\nL\u00e1pide de Elizabeth II \u00e9 oficialmente revelada<br \/>\nReuters<br \/>\nApenas dois dias depois de passar pela cerim\u00f4nia de posse ao lado da Rainha Elizabeth II, a monarca morreu e o pa\u00eds viveu um longo per\u00edodo de 10 dias de luto.<br \/>\nNovo plano econ\u00f4mico<br \/>\nO ministro das Finan\u00e7as, Kwasi Kwarteng, anunciou na \u00faltima sexta-feira o maior corte de impostos do Reino Unido em 50 anos<br \/>\nReuters<br \/>\nAp\u00f3s esse per\u00edodo, o \u00e0 \u00e9poca ministro das Finan\u00e7as de Truss, Kwasi Kwarteng, apresentou um &#8220;mini-or\u00e7amento&#8221; que incluia 45 bilh\u00f5es de libras (R$ 265 bilh\u00f5es) de cortes de impostos n\u00e3o financiados e enormes aumentos nos empr\u00e9stimos do governo, enviando libras esterlinas e t\u00edtulos do governo brit\u00e2nico em queda livre.<br \/>\nPor conta disso, o Banco da Inglaterra procurou conter a tempestade nos mercados de t\u00edtulos da Gr\u00e3-Bretanha, dizendo que compraria o m\u00e1ximo de d\u00edvidas do governo necess\u00e1rias para restaurar a ordem.<br \/>\nConfian\u00e7a no plano<br \/>\nLiz Truss em pronunciamento<br \/>\nReuters<br \/>\nMesmo com esse contexto, Truss disse estar preparada para tomar decis\u00f5es controversas e dif\u00edceis para fazer a economia crescer. Entretanto, volta atr\u00e1s quando encara a oposi\u00e7\u00e3o de muitos de seus pr\u00f3prios legisladores do Partido Conservador.<br \/>\nApesar da repress\u00e3o, o governo disse que n\u00e3o iria reverter seus grandes cortes de impostos ou reduzir\u00e1 os gastos p\u00fablicos.<br \/>\nRen\u00fancia de ministros<br \/>\nMinistra do Interior brit\u00e2nica, Suella Braverman<br \/>\nToby Melville\/REUTERS<br \/>\nA situa\u00e7\u00e3o levou \u00e0 ren\u00fancia do ent\u00e3o ministro das Finan\u00e7as e a convoca\u00e7\u00e3o de Jeremy Hunt para substitu\u00ed-lo. O novo ministro da Finan\u00e7as decidiu refazer por completo o plano econ\u00f4mico.<br \/>\nNa ocasi\u00e3o Truss tamb\u00e9m anuncia que o imposto corporativo aumentar\u00e1 para 25%, revertendo um plano anterior de congel\u00e1-lo em 19%, e diz que os gastos p\u00fablicos ter\u00e3o que crescer menos rapidamente do que o planejado anteriormente.<br \/>\nMenos de uma semana depois, Truss perde a ministra do Interior, Suella Braverman, que renunciou ap\u00f3s quebrar as regras ao enviar um documento oficial de seu e-mail pessoal.<\/p>\n","protected":false},"excerpt":{"rendered":"<p>Primeira-ministra brit\u00e2nica perdeu credibilidade ap\u00f3s a ren\u00fancia de dois dos seus principais ministros. Primeira-ministra do Reino Unido, Liz Truss, diante de fundo preto em Londres Toby Melville\/REUTERS A primeira-ministra do Reino Unido, Liz Truss, se reune nesta quinta-feira (20) com os membros do partido conservador respons\u00e1veis por convocar novas elei\u00e7\u00f5es diante do risco de deixar<\/p>\n","protected":false},"author":1,"featured_media":11329,"comment_status":"open","ping_status":"open","sticky":false,"template":"","format":"standard","meta":{"om_disable_all_campaigns":false,"_monsterinsights_skip_tracking":false,"_monsterinsights_sitenote_active":false,"_monsterinsights_sitenote_note":"","_monsterinsights_sitenote_category":0,"footnotes":""},"categories":[47],"tags":[],"class_list":{"0":"post-11328","1":"post","2":"type-post","3":"status-publish","4":"format-standard","5":"has-post-thumbnail","7":"category-mundo"},"_links":{"self":[{"href":"https:\/\/comandogeraldanoticia.com.br\/index.php\/wp-json\/wp\/v2\/posts\/11328","targetHints":{"allow":["GET"]}}],"collection":[{"href":"https:\/\/comandogeraldanoticia.com.br\/index.php\/wp-json\/wp\/v2\/posts"}],"about":[{"href":"https:\/\/comandogeraldanoticia.com.br\/index.php\/wp-json\/wp\/v2\/types\/post"}],"author":[{"embeddable":true,"href":"https:\/\/comandogeraldanoticia.com.br\/index.php\/wp-json\/wp\/v2\/users\/1"}],"replies":[{"embeddable":true,"href":"https:\/\/comandogeraldanoticia.com.br\/index.php\/wp-json\/wp\/v2\/comments?post=11328"}],"version-history":[{"count":0,"href":"https:\/\/comandogeraldanoticia.com.br\/index.php\/wp-json\/wp\/v2\/posts\/11328\/revisions"}],"wp:featuredmedia":[{"embeddable":true,"href":"https:\/\/comandogeraldanoticia.com.br\/index.php\/wp-json\/wp\/v2\/media\/11329"}],"wp:attachment":[{"href":"https:\/\/comandogeraldanoticia.com.br\/index.php\/wp-json\/wp\/v2\/media?parent=11328"}],"wp:term":[{"taxonomy":"category","embeddable":true,"href":"https:\/\/comandogeraldanoticia.com.br\/index.php\/wp-json\/wp\/v2\/categories?post=11328"},{"taxonomy":"post_tag","embeddable":true,"href":"https:\/\/comandogeraldanoticia.com.br\/index.php\/wp-json\/wp\/v2\/tags?post=11328"}],"curies":[{"name":"wp","href":"https:\/\/api.w.org\/{rel}","templated":true}]}}