{"id":11326,"date":"2022-10-20T11:13:33","date_gmt":"2022-10-20T11:13:33","guid":{"rendered":"https:\/\/comandogeraldanoticia.com.br\/index.php\/2022\/10\/20\/prefeitura-de-feira-melhora-estradas-e-caminhos-nos-8-distritos-rurais\/"},"modified":"2022-10-20T11:13:33","modified_gmt":"2022-10-20T11:13:33","slug":"prefeitura-de-feira-melhora-estradas-e-caminhos-nos-8-distritos-rurais","status":"publish","type":"post","link":"https:\/\/comandogeraldanoticia.com.br\/index.php\/2022\/10\/20\/prefeitura-de-feira-melhora-estradas-e-caminhos-nos-8-distritos-rurais\/","title":{"rendered":"Prefeitura de Feira melhora estradas e caminhos nos 8 distritos rurais"},"content":{"rendered":"<p><img loading=\"lazy\" decoding=\"async\" width=\"1024\" height=\"683\" src=\"https:\/\/i0.wp.com\/blogdafeira.com.br\/home\/wp-content\/uploads\/2022\/10\/Patrolamento-e-encascalamento-Foto-Divulgacao-Foto-ACM-43.jpg?fit=1024,683&#038;ssl=1\" class=\"attachment-large size-large wp-post-image\" alt=\"\" loading=\"lazy\" srcset=\"https:\/\/i0.wp.com\/blogdafeira.com.br\/home\/wp-content\/uploads\/2022\/10\/Patrolamento-e-encascalamento-Foto-Divulgacao-Foto-ACM-43.jpg?w=1299&#038;ssl=1 1299w, https:\/\/i0.wp.com\/blogdafeira.com.br\/home\/wp-content\/uploads\/2022\/10\/Patrolamento-e-encascalamento-Foto-Divulgacao-Foto-ACM-43.jpg?resize=346,231&#038;ssl=1 346w, https:\/\/i0.wp.com\/blogdafeira.com.br\/home\/wp-content\/uploads\/2022\/10\/Patrolamento-e-encascalamento-Foto-Divulgacao-Foto-ACM-43.jpg?resize=1024,683&#038;ssl=1 1024w, https:\/\/i0.wp.com\/blogdafeira.com.br\/home\/wp-content\/uploads\/2022\/10\/Patrolamento-e-encascalamento-Foto-Divulgacao-Foto-ACM-43.jpg?resize=170,113&#038;ssl=1 170w, https:\/\/i0.wp.com\/blogdafeira.com.br\/home\/wp-content\/uploads\/2022\/10\/Patrolamento-e-encascalamento-Foto-Divulgacao-Foto-ACM-43.jpg?resize=768,512&#038;ssl=1 768w, https:\/\/i0.wp.com\/blogdafeira.com.br\/home\/wp-content\/uploads\/2022\/10\/Patrolamento-e-encascalamento-Foto-Divulgacao-Foto-ACM-43.jpg?resize=280,187&#038;ssl=1 280w, https:\/\/i0.wp.com\/blogdafeira.com.br\/home\/wp-content\/uploads\/2022\/10\/Patrolamento-e-encascalamento-Foto-Divulgacao-Foto-ACM-43.jpg?resize=1170,780&#038;ssl=1 1170w\" sizes=\"auto, (max-width: 1024px) 100vw, 1024px\"><\/p>\n<p>A Prefeitura de Feira intensificou os servi\u00e7os de patrolamento e encascalhamento nos distritos de Humildes, Ipua\u00e7u, Jaguara, Maria Quit\u00e9ria, Matinha e Tiquaru\u00e7u, al\u00e9m dos bairros da zona urbana. Os servi\u00e7os s\u00e3o executados pela Superintend\u00eancia de Opera\u00e7\u00f5es e Manuten\u00e7\u00e3o (SOMA). Foram utilizadas 16 ca\u00e7ambas de cascalho para o patrolamento e encascalhamento da rua Santana do Ipanema, bairro Asa Branca. Em<strong> Humildes,<\/strong> o servi\u00e7o seguiu na estrada do Ros\u00e1rio e Corredores Adjacentes, na estrada do Suba\u00e9 I e II, e na estrada principal da Barroquinha. Em<strong> Ipua\u00e7u,<\/strong> 30 ca\u00e7ambas de cascalhos foram necess\u00e1rias a estrada do Nunes e patrolamento do Campo de Futebol Municipal, na estrada de Formosa. J\u00e1 em<strong> Jaguara,<\/strong> o servi\u00e7o foi concentrado na estrada do Mucambo.Em<strong> Maria Quit\u00e9ria<\/strong> teve servi\u00e7o de patrolamento e encascalhamento contemplou o corredor de Isaura. Al\u00e9m disso, no distrito da <strong>Matinha<\/strong>, teve abertura do corredor da Pomba e do Alecrim Mi\u00fado. No distrito de <strong>Tiquaru\u00e7u<\/strong> foram realizados servi\u00e7os de patrolamento e encascalhamento do corredor do Careca e da Vila Santiago, sendo utilizadas nesse servi\u00e7o 20 ca\u00e7ambas de cascalho. Os trabalhos continuam nesta semana, seguindo cronograma estabelecido pela SOMA. As pr\u00f3ximas a\u00e7\u00f5es ser\u00e3o em <strong>Ja\u00edba<\/strong> e <strong>Bonfim de Feira.<\/strong><\/p>\n","protected":false},"excerpt":{"rendered":"<p>A Prefeitura de Feira intensificou os servi\u00e7os de patrolamento e encascalhamento nos distritos de Humildes, Ipua\u00e7u, Jaguara, Maria Quit\u00e9ria, Matinha e Tiquaru\u00e7u, al\u00e9m dos bairros da zona urbana. Os servi\u00e7os s\u00e3o executados pela Superintend\u00eancia de Opera\u00e7\u00f5es e Manuten\u00e7\u00e3o (SOMA). Foram utilizadas 16 ca\u00e7ambas de cascalho para o patrolamento e encascalhamento da rua Santana do Ipanema,<\/p>\n","protected":false},"author":1,"featured_media":11327,"comment_status":"open","ping_status":"open","sticky":false,"template":"","format":"standard","meta":{"om_disable_all_campaigns":false,"_monsterinsights_skip_tracking":false,"_monsterinsights_sitenote_active":false,"_monsterinsights_sitenote_note":"","_monsterinsights_sitenote_category":0,"footnotes":""},"categories":[49],"tags":[],"class_list":{"0":"post-11326","1":"post","2":"type-post","3":"status-publish","4":"format-standard","5":"has-post-thumbnail","7":"category-feira-de-santana"},"_links":{"self":[{"href":"https:\/\/comandogeraldanoticia.com.br\/index.php\/wp-json\/wp\/v2\/posts\/11326","targetHints":{"allow":["GET"]}}],"collection":[{"href":"https:\/\/comandogeraldanoticia.com.br\/index.php\/wp-json\/wp\/v2\/posts"}],"about":[{"href":"https:\/\/comandogeraldanoticia.com.br\/index.php\/wp-json\/wp\/v2\/types\/post"}],"author":[{"embeddable":true,"href":"https:\/\/comandogeraldanoticia.com.br\/index.php\/wp-json\/wp\/v2\/users\/1"}],"replies":[{"embeddable":true,"href":"https:\/\/comandogeraldanoticia.com.br\/index.php\/wp-json\/wp\/v2\/comments?post=11326"}],"version-history":[{"count":0,"href":"https:\/\/comandogeraldanoticia.com.br\/index.php\/wp-json\/wp\/v2\/posts\/11326\/revisions"}],"wp:featuredmedia":[{"embeddable":true,"href":"https:\/\/comandogeraldanoticia.com.br\/index.php\/wp-json\/wp\/v2\/media\/11327"}],"wp:attachment":[{"href":"https:\/\/comandogeraldanoticia.com.br\/index.php\/wp-json\/wp\/v2\/media?parent=11326"}],"wp:term":[{"taxonomy":"category","embeddable":true,"href":"https:\/\/comandogeraldanoticia.com.br\/index.php\/wp-json\/wp\/v2\/categories?post=11326"},{"taxonomy":"post_tag","embeddable":true,"href":"https:\/\/comandogeraldanoticia.com.br\/index.php\/wp-json\/wp\/v2\/tags?post=11326"}],"curies":[{"name":"wp","href":"https:\/\/api.w.org\/{rel}","templated":true}]}}