{"id":11310,"date":"2022-10-20T10:12:36","date_gmt":"2022-10-20T10:12:36","guid":{"rendered":"https:\/\/comandogeraldanoticia.com.br\/index.php\/2022\/10\/20\/terminam-inscricoes-no-concurso-da-camara-municipal-do-conde-pb\/"},"modified":"2022-10-20T10:12:36","modified_gmt":"2022-10-20T10:12:36","slug":"terminam-inscricoes-no-concurso-da-camara-municipal-do-conde-pb","status":"publish","type":"post","link":"https:\/\/comandogeraldanoticia.com.br\/index.php\/2022\/10\/20\/terminam-inscricoes-no-concurso-da-camara-municipal-do-conde-pb\/","title":{"rendered":"Terminam inscri\u00e7\u00f5es no concurso da C\u00e2mara Municipal do Conde, PB"},"content":{"rendered":"<p><img decoding=\"async\" src=\"https:\/\/s2.glbimg.com\/cIX7vF7tt-YJVUQ470e8cSosOrM=\/i.s3.glbimg.com\/v1\/AUTH_59edd422c0c84a879bd37670ae4f538a\/internal_photos\/bs\/2019\/N\/A\/tRqiGVSBqn5D9WEB7Vsg\/camara-municpal-de-conde.jpg\"><br \/>   S\u00e3o oito vagas para as fun\u00e7\u00f5es de agente administrativo, agente de seguran\u00e7a, auxiliar de servi\u00e7os gerais, recepcionista e sonoplasta. C\u00e2mara Municipal do Conde, no Litoral Sul da Para\u00edba<br \/>\nSecomd\/Divulga\u00e7\u00e3o<br \/>\nTerminam nesta quinta-feira (20) as inscri\u00e7\u00f5es para o concurso p\u00fablico da C\u00e2mara Municipal do Conde, com 8 vagas, para cargos de ensino fundamental completo. Os interessados podem se inscrever no site da organizadora, a Comiss\u00e3o Permanente de Concursos da UEPB (CPCon).<br \/>\nVeja o edital do concurso<br \/>\nA taxa de inscri\u00e7\u00e3o custa R$ 75. J\u00e1 o sal\u00e1rio oferecido \u00e9 de R$ 1.212,00, e a carga hor\u00e1ria \u00e9 de 30 horas semanais.<br \/>\nH\u00e1 oportunidades para as fun\u00e7\u00f5es de agente administrativo, agente de seguran\u00e7a, auxiliar de servi\u00e7os gerais, recepcionista e sonoplasta.<br \/>\nCompartilhe esta not\u00edcia no Whatsapp<br \/>\nCompartilhe esta not\u00edcia no Telegram<br \/>\nO concurso da C\u00e2mara Municipal de Conde vai ser realizado em fase \u00fanica, com aplica\u00e7\u00e3o de prova escrita objetiva para todos os cargos, no dia 27 de novembro. O resultado final est\u00e1 previsto para 16 de dezembro.<br \/>\nConcurso da C\u00e2mara Municipal do Conde<br \/>\nVagas: 8<br \/>\nN\u00edvel: fundamental<br \/>\nRemunera\u00e7\u00e3o: R$ 1.212<br \/>\nPrazo de inscri\u00e7\u00e3o: das 10h do dia 21 de setembro at\u00e9 o fim do dia 20 de outubro<br \/>\nLocal de inscri\u00e7\u00e3o: site da organizadora, CPCon<br \/>\nData da aplica\u00e7\u00e3o das provas objetivas: 27 de novembro<br \/>\nEdital do concurso da C\u00e2mara Municipal do Conde<br \/>\nV\u00eddeos mais assistidos do g1 Para\u00edba<\/p>\n","protected":false},"excerpt":{"rendered":"<p>S\u00e3o oito vagas para as fun\u00e7\u00f5es de agente administrativo, agente de seguran\u00e7a, auxiliar de servi\u00e7os gerais, recepcionista e sonoplasta. C\u00e2mara Municipal do Conde, no Litoral Sul da Para\u00edba Secomd\/Divulga\u00e7\u00e3o Terminam nesta quinta-feira (20) as inscri\u00e7\u00f5es para o concurso p\u00fablico da C\u00e2mara Municipal do Conde, com 8 vagas, para cargos de ensino fundamental completo. Os interessados<\/p>\n","protected":false},"author":1,"featured_media":11311,"comment_status":"open","ping_status":"open","sticky":false,"template":"","format":"standard","meta":{"om_disable_all_campaigns":false,"_monsterinsights_skip_tracking":false,"_monsterinsights_sitenote_active":false,"_monsterinsights_sitenote_note":"","_monsterinsights_sitenote_category":0,"footnotes":""},"categories":[43],"tags":[],"class_list":{"0":"post-11310","1":"post","2":"type-post","3":"status-publish","4":"format-standard","5":"has-post-thumbnail","7":"category-economia"},"_links":{"self":[{"href":"https:\/\/comandogeraldanoticia.com.br\/index.php\/wp-json\/wp\/v2\/posts\/11310","targetHints":{"allow":["GET"]}}],"collection":[{"href":"https:\/\/comandogeraldanoticia.com.br\/index.php\/wp-json\/wp\/v2\/posts"}],"about":[{"href":"https:\/\/comandogeraldanoticia.com.br\/index.php\/wp-json\/wp\/v2\/types\/post"}],"author":[{"embeddable":true,"href":"https:\/\/comandogeraldanoticia.com.br\/index.php\/wp-json\/wp\/v2\/users\/1"}],"replies":[{"embeddable":true,"href":"https:\/\/comandogeraldanoticia.com.br\/index.php\/wp-json\/wp\/v2\/comments?post=11310"}],"version-history":[{"count":0,"href":"https:\/\/comandogeraldanoticia.com.br\/index.php\/wp-json\/wp\/v2\/posts\/11310\/revisions"}],"wp:featuredmedia":[{"embeddable":true,"href":"https:\/\/comandogeraldanoticia.com.br\/index.php\/wp-json\/wp\/v2\/media\/11311"}],"wp:attachment":[{"href":"https:\/\/comandogeraldanoticia.com.br\/index.php\/wp-json\/wp\/v2\/media?parent=11310"}],"wp:term":[{"taxonomy":"category","embeddable":true,"href":"https:\/\/comandogeraldanoticia.com.br\/index.php\/wp-json\/wp\/v2\/categories?post=11310"},{"taxonomy":"post_tag","embeddable":true,"href":"https:\/\/comandogeraldanoticia.com.br\/index.php\/wp-json\/wp\/v2\/tags?post=11310"}],"curies":[{"name":"wp","href":"https:\/\/api.w.org\/{rel}","templated":true}]}}