{"id":11034,"date":"2022-10-19T14:14:38","date_gmt":"2022-10-19T14:14:38","guid":{"rendered":"https:\/\/comandogeraldanoticia.com.br\/index.php\/2022\/10\/19\/outubro-rosa-movimenta-usf-parque-florestal-com-manha-de-atividades\/"},"modified":"2022-10-19T14:14:38","modified_gmt":"2022-10-19T14:14:38","slug":"outubro-rosa-movimenta-usf-parque-florestal-com-manha-de-atividades","status":"publish","type":"post","link":"https:\/\/comandogeraldanoticia.com.br\/index.php\/2022\/10\/19\/outubro-rosa-movimenta-usf-parque-florestal-com-manha-de-atividades\/","title":{"rendered":"Outubro Rosa movimenta USF Parque Florestal com manh\u00e3 de atividades"},"content":{"rendered":"<p>A quarta-feira (19\/10) amanheceu cor-de-rosa na Unidade de Sa\u00fade da Fam\u00edlia (USF) Parque Florestal, onde a equipe que atua no local realizou uma s\u00e9rie de atividades com foco no Outubro Rosa, com o objetivo de conscientizar os usu\u00e1rios sobre a import\u00e2ncia da preven\u00e7\u00e3o no combate ao c\u00e2ncer.<\/p>\n<p>Palestras sobre c\u00e2nceres de mama, \u00fatero e bucal, apresenta\u00e7\u00f5es de dan\u00e7a e muita m\u00fasica integraram a programa\u00e7\u00e3o. Gerente da USF Parque Florestal, Patr\u00edcia Luz Lezzi ressaltou que, \u201cessa a\u00e7\u00e3o s\u00f3 foi poss\u00edvel gra\u00e7as \u00e0 nossa equipe que sempre abra\u00e7a toda e qualquer atividade que tenha o objetivo de promover sa\u00fade para a comunidade\u201d.<\/p>\n<p>Secret\u00e1rio da Sa\u00fade de Cama\u00e7ari, Elias Natan parabenizou a todos pela iniciativa. \u201cIsso \u00e9 fazer sa\u00fade. Iniciativas como essa promovem o cuidado atrav\u00e9s da preven\u00e7\u00e3o. Al\u00e9m de aproximarem ainda mais a unidade de sa\u00fade da comunidade. Toda equipe est\u00e1 de parab\u00e9ns. Importante destacar que todas as nossas unidades de sa\u00fade da Aten\u00e7\u00e3o B\u00e1sica est\u00e3o realizando a\u00e7\u00f5es especiais neste Outubro Rosa\u201d, afirmou.<\/p>\n<p>Coordenadora do Distrito Sanit\u00e1rio da Sede, Tatiane Pires elogiou a a\u00e7\u00e3o. \u201cVemos aqui mulheres de todas as idades. Isso \u00e9 muito importante no trabalho de conscientiza\u00e7\u00e3o na luta contra o c\u00e2ncer. Vale destacar, que todos os meses ocorrem palestras nas unidades de sa\u00fade com a comunidade sobre temas relacionados \u00e0 promo\u00e7\u00e3o da sa\u00fade\u201d.<\/p>\n<figure class=\"wp-container-2 wp-block-gallery-1 wp-block-gallery has-nested-images columns-2 is-cropped\">\n<figure class=\"wp-block-image size-large\"><img fetchpriority=\"high\" decoding=\"async\" width=\"1024\" height=\"576\" data-id=\"184221\" src=\"https:\/\/www.camacari.ba.gov.br\/wp-content\/uploads\/2022\/10\/sesau-atividade-outubro-rosa-usf-parque-florestal-arquivo-19.10.2022-1-1024x576.jpeg\" alt=\"\" class=\"wp-image-184221\" srcset=\"https:\/\/www.camacari.ba.gov.br\/wp-content\/uploads\/2022\/10\/sesau-atividade-outubro-rosa-usf-parque-florestal-arquivo-19.10.2022-1-1024x576.jpeg 1024w, https:\/\/www.camacari.ba.gov.br\/wp-content\/uploads\/2022\/10\/sesau-atividade-outubro-rosa-usf-parque-florestal-arquivo-19.10.2022-1-300x169.jpeg 300w, https:\/\/www.camacari.ba.gov.br\/wp-content\/uploads\/2022\/10\/sesau-atividade-outubro-rosa-usf-parque-florestal-arquivo-19.10.2022-1-768x432.jpeg 768w, https:\/\/www.camacari.ba.gov.br\/wp-content\/uploads\/2022\/10\/sesau-atividade-outubro-rosa-usf-parque-florestal-arquivo-19.10.2022-1.jpeg 1600w\" sizes=\"(max-width: 1024px) 100vw, 1024px\"><\/figure>\n<figure class=\"wp-block-image size-large\"><img loading=\"lazy\" decoding=\"async\" loading=\"lazy\" width=\"1024\" height=\"576\" data-id=\"184220\" src=\"https:\/\/www.camacari.ba.gov.br\/wp-content\/uploads\/2022\/10\/sesau-atividade-outubro-rosa-usf-parque-florestal-arquivo-19.10.2022-4-1024x576.jpeg\" alt=\"\" class=\"wp-image-184220\" srcset=\"https:\/\/www.camacari.ba.gov.br\/wp-content\/uploads\/2022\/10\/sesau-atividade-outubro-rosa-usf-parque-florestal-arquivo-19.10.2022-4-1024x576.jpeg 1024w, https:\/\/www.camacari.ba.gov.br\/wp-content\/uploads\/2022\/10\/sesau-atividade-outubro-rosa-usf-parque-florestal-arquivo-19.10.2022-4-300x169.jpeg 300w, https:\/\/www.camacari.ba.gov.br\/wp-content\/uploads\/2022\/10\/sesau-atividade-outubro-rosa-usf-parque-florestal-arquivo-19.10.2022-4-768x432.jpeg 768w, https:\/\/www.camacari.ba.gov.br\/wp-content\/uploads\/2022\/10\/sesau-atividade-outubro-rosa-usf-parque-florestal-arquivo-19.10.2022-4.jpeg 1600w\" sizes=\"auto, (max-width: 1024px) 100vw, 1024px\"><\/figure>\n<figure class=\"wp-block-image size-large\"><img loading=\"lazy\" decoding=\"async\" loading=\"lazy\" width=\"1024\" height=\"576\" data-id=\"184222\" src=\"https:\/\/www.camacari.ba.gov.br\/wp-content\/uploads\/2022\/10\/sesau-atividade-outubro-rosa-usf-parque-florestal-arquivo-19.10.2022-2-1024x576.jpeg\" alt=\"\" class=\"wp-image-184222\" srcset=\"https:\/\/www.camacari.ba.gov.br\/wp-content\/uploads\/2022\/10\/sesau-atividade-outubro-rosa-usf-parque-florestal-arquivo-19.10.2022-2-1024x576.jpeg 1024w, https:\/\/www.camacari.ba.gov.br\/wp-content\/uploads\/2022\/10\/sesau-atividade-outubro-rosa-usf-parque-florestal-arquivo-19.10.2022-2-300x169.jpeg 300w, https:\/\/www.camacari.ba.gov.br\/wp-content\/uploads\/2022\/10\/sesau-atividade-outubro-rosa-usf-parque-florestal-arquivo-19.10.2022-2-768x432.jpeg 768w, https:\/\/www.camacari.ba.gov.br\/wp-content\/uploads\/2022\/10\/sesau-atividade-outubro-rosa-usf-parque-florestal-arquivo-19.10.2022-2.jpeg 1600w\" sizes=\"auto, (max-width: 1024px) 100vw, 1024px\"><\/figure><figcaption class=\"blocks-gallery-caption\">Foto: Arquivo<\/figcaption><\/figure>\n","protected":false},"excerpt":{"rendered":"<p>A quarta-feira (19\/10) amanheceu cor-de-rosa na Unidade de Sa\u00fade da Fam\u00edlia (USF) Parque Florestal, onde a equipe que atua no local realizou uma s\u00e9rie de atividades com foco no Outubro Rosa, com o objetivo de conscientizar os usu\u00e1rios sobre a import\u00e2ncia da preven\u00e7\u00e3o no combate ao c\u00e2ncer. Palestras sobre c\u00e2nceres de mama, \u00fatero e bucal,<\/p>\n","protected":false},"author":1,"featured_media":11035,"comment_status":"open","ping_status":"open","sticky":false,"template":"","format":"standard","meta":{"om_disable_all_campaigns":false,"_monsterinsights_skip_tracking":false,"_monsterinsights_sitenote_active":false,"_monsterinsights_sitenote_note":"","_monsterinsights_sitenote_category":0,"footnotes":""},"categories":[40],"tags":[],"class_list":{"0":"post-11034","1":"post","2":"type-post","3":"status-publish","4":"format-standard","5":"has-post-thumbnail","7":"category-camacari"},"_links":{"self":[{"href":"https:\/\/comandogeraldanoticia.com.br\/index.php\/wp-json\/wp\/v2\/posts\/11034","targetHints":{"allow":["GET"]}}],"collection":[{"href":"https:\/\/comandogeraldanoticia.com.br\/index.php\/wp-json\/wp\/v2\/posts"}],"about":[{"href":"https:\/\/comandogeraldanoticia.com.br\/index.php\/wp-json\/wp\/v2\/types\/post"}],"author":[{"embeddable":true,"href":"https:\/\/comandogeraldanoticia.com.br\/index.php\/wp-json\/wp\/v2\/users\/1"}],"replies":[{"embeddable":true,"href":"https:\/\/comandogeraldanoticia.com.br\/index.php\/wp-json\/wp\/v2\/comments?post=11034"}],"version-history":[{"count":0,"href":"https:\/\/comandogeraldanoticia.com.br\/index.php\/wp-json\/wp\/v2\/posts\/11034\/revisions"}],"wp:featuredmedia":[{"embeddable":true,"href":"https:\/\/comandogeraldanoticia.com.br\/index.php\/wp-json\/wp\/v2\/media\/11035"}],"wp:attachment":[{"href":"https:\/\/comandogeraldanoticia.com.br\/index.php\/wp-json\/wp\/v2\/media?parent=11034"}],"wp:term":[{"taxonomy":"category","embeddable":true,"href":"https:\/\/comandogeraldanoticia.com.br\/index.php\/wp-json\/wp\/v2\/categories?post=11034"},{"taxonomy":"post_tag","embeddable":true,"href":"https:\/\/comandogeraldanoticia.com.br\/index.php\/wp-json\/wp\/v2\/tags?post=11034"}],"curies":[{"name":"wp","href":"https:\/\/api.w.org\/{rel}","templated":true}]}}