{"id":11020,"date":"2022-10-19T13:12:28","date_gmt":"2022-10-19T13:12:28","guid":{"rendered":"https:\/\/comandogeraldanoticia.com.br\/index.php\/2022\/10\/19\/putin-emite-decreto-que-limita-a-entrada-e-a-saida-em-8-regioes\/"},"modified":"2022-10-19T13:12:28","modified_gmt":"2022-10-19T13:12:28","slug":"putin-emite-decreto-que-limita-a-entrada-e-a-saida-em-8-regioes","status":"publish","type":"post","link":"https:\/\/comandogeraldanoticia.com.br\/index.php\/2022\/10\/19\/putin-emite-decreto-que-limita-a-entrada-e-a-saida-em-8-regioes\/","title":{"rendered":"Putin emite decreto que limita a entrada e a sa\u00edda em 8 regi\u00f5es"},"content":{"rendered":"<p><img decoding=\"async\" src=\"https:\/\/s2.glbimg.com\/Fyq6ar7KGNfuVd-JlNSfLi3wTM0=\/i.s3.glbimg.com\/v1\/AUTH_59edd422c0c84a879bd37670ae4f538a\/internal_photos\/bs\/2022\/b\/C\/b4V2nyQ6WMQ5hMrBxYGg\/2022-10-19t121951z-1276087408-rc2c4x9xlxq5-rtrmadp-3-ukraine-crisis-russia-putin.jpg\"><br \/>   Medida foi anunciada nesta quarta-feira (19) e inclui a Crimeia, anexada ilegalmente da Ucr\u00e2nia em 2014. Presidente russo, Vladimir Putin, durante reuni\u00e3o virtual do Conselho de Seguran\u00e7a em Moscou<br \/>\nSputnik\/Sergey Ilyin\/Kremlin via REUTERS<br \/>\nO presidente russo, Vladimir Putin, emitiu um decreto nesta quarta-feira (19) restringindo o movimento de entrada e sa\u00edda de oito regi\u00f5es pr\u00f3ximas \u00e0 Ucr\u00e2nia.<br \/>\nAs medidas se aplicam \u00e0s regi\u00f5es do sul de Krasnodar, Belgorod, Bryansk, Voronezh, Kursk e Rostov, todas pr\u00f3ximas \u00e0 Ucr\u00e2nia, e aos territ\u00f3rios da Crimeia e Sebastopol, que a R\u00fassia anexou ilegalmente da Ucr\u00e2nia em 2014.<\/p>\n","protected":false},"excerpt":{"rendered":"<p>Medida foi anunciada nesta quarta-feira (19) e inclui a Crimeia, anexada ilegalmente da Ucr\u00e2nia em 2014. Presidente russo, Vladimir Putin, durante reuni\u00e3o virtual do Conselho de Seguran\u00e7a em Moscou Sputnik\/Sergey Ilyin\/Kremlin via REUTERS O presidente russo, Vladimir Putin, emitiu um decreto nesta quarta-feira (19) restringindo o movimento de entrada e sa\u00edda de oito regi\u00f5es pr\u00f3ximas<\/p>\n","protected":false},"author":1,"featured_media":11021,"comment_status":"open","ping_status":"open","sticky":false,"template":"","format":"standard","meta":{"om_disable_all_campaigns":false,"_monsterinsights_skip_tracking":false,"_monsterinsights_sitenote_active":false,"_monsterinsights_sitenote_note":"","_monsterinsights_sitenote_category":0,"footnotes":""},"categories":[47],"tags":[],"class_list":{"0":"post-11020","1":"post","2":"type-post","3":"status-publish","4":"format-standard","5":"has-post-thumbnail","7":"category-mundo"},"_links":{"self":[{"href":"https:\/\/comandogeraldanoticia.com.br\/index.php\/wp-json\/wp\/v2\/posts\/11020","targetHints":{"allow":["GET"]}}],"collection":[{"href":"https:\/\/comandogeraldanoticia.com.br\/index.php\/wp-json\/wp\/v2\/posts"}],"about":[{"href":"https:\/\/comandogeraldanoticia.com.br\/index.php\/wp-json\/wp\/v2\/types\/post"}],"author":[{"embeddable":true,"href":"https:\/\/comandogeraldanoticia.com.br\/index.php\/wp-json\/wp\/v2\/users\/1"}],"replies":[{"embeddable":true,"href":"https:\/\/comandogeraldanoticia.com.br\/index.php\/wp-json\/wp\/v2\/comments?post=11020"}],"version-history":[{"count":0,"href":"https:\/\/comandogeraldanoticia.com.br\/index.php\/wp-json\/wp\/v2\/posts\/11020\/revisions"}],"wp:featuredmedia":[{"embeddable":true,"href":"https:\/\/comandogeraldanoticia.com.br\/index.php\/wp-json\/wp\/v2\/media\/11021"}],"wp:attachment":[{"href":"https:\/\/comandogeraldanoticia.com.br\/index.php\/wp-json\/wp\/v2\/media?parent=11020"}],"wp:term":[{"taxonomy":"category","embeddable":true,"href":"https:\/\/comandogeraldanoticia.com.br\/index.php\/wp-json\/wp\/v2\/categories?post=11020"},{"taxonomy":"post_tag","embeddable":true,"href":"https:\/\/comandogeraldanoticia.com.br\/index.php\/wp-json\/wp\/v2\/tags?post=11020"}],"curies":[{"name":"wp","href":"https:\/\/api.w.org\/{rel}","templated":true}]}}