{"id":11006,"date":"2022-10-19T11:17:52","date_gmt":"2022-10-19T11:17:52","guid":{"rendered":"https:\/\/comandogeraldanoticia.com.br\/index.php\/2022\/10\/19\/inflacao-da-zona-do-euro-sobe-12-em-setembro\/"},"modified":"2022-10-19T11:17:52","modified_gmt":"2022-10-19T11:17:52","slug":"inflacao-da-zona-do-euro-sobe-12-em-setembro","status":"publish","type":"post","link":"https:\/\/comandogeraldanoticia.com.br\/index.php\/2022\/10\/19\/inflacao-da-zona-do-euro-sobe-12-em-setembro\/","title":{"rendered":"Infla\u00e7\u00e3o da zona do euro sobe 1,2% em setembro"},"content":{"rendered":"<p><img decoding=\"async\" src=\"https:\/\/s2.glbimg.com\/pC27fYHMAZaZ2v1eZ0Ps1FTjMf8=\/i.s3.glbimg.com\/v1\/AUTH_59edd422c0c84a879bd37670ae4f538a\/internal_photos\/bs\/2022\/8\/k\/uC9SpjQhiVGyowM1Wkqg\/bbc-meloni-5.jpg\"><br \/>   Nos \u00faltimos 12 meses, a alta dos pre\u00e7os j\u00e1 chegou a 9,9%. Infla\u00e7\u00e3o da zona do euro \u00e9 a maior em d\u00e9cadas<br \/>\nGetty Images via BBC<br \/>\nA infla\u00e7\u00e3o ao consumidor da zona do euro em setembro ficou levemente abaixo do que havia sido estimado anteriormente, de acordo com dados divulgados nesta quarta-feira (19), mas ainda em um n\u00edvel recorde, ressaltando as expectativas do mercado de mais aumentos das taxas de juros antes do final do ano.<br \/>\nA ag\u00eancia de estat\u00edsticas da Uni\u00e3o Europeia, Eurostat, disse que os pre\u00e7os ao consumidor nos 19 pa\u00edses que compartilham o euro subiram 1,2% em setembro sobre o m\u00eas anterior e avan\u00e7aram 9,9% na compara\u00e7\u00e3o anual, revisando para baixo sua estimativa anterior de uma leitura anual de 10%.<br \/>\nLEIA TAMB\u00c9M<br \/>\nInfla\u00e7\u00e3o na zona do euro atinge novo recorde em agosto<br \/>\nOs pubs brit\u00e2nicos &#8216;amea\u00e7ados de extin\u00e7\u00e3o&#8217; por disparada na infla\u00e7\u00e3o<br \/>\nInfla\u00e7\u00e3o no Reino Unido em setembro volta a atingir recorde de 10,1% ao ano<br \/>\nO aumento dos pre\u00e7os da energia foi respons\u00e1vel por 4,19 pontos percentuais do total da leitura anual, com alimentos somando outros 2,47 pontos e servi\u00e7os, 1,80 ponto.<br \/>\nSem a volatilidade dos custos de alimentos n\u00e3o processados e energia, ou o que o Banco Central Europeu chama de n\u00facleo da infla\u00e7\u00e3o, os pre\u00e7os subiram 0,9% no m\u00eas para um ganho de 6,0% em rela\u00e7\u00e3o ao mesmo per\u00edodo do ano anterior.<br \/>\nUma medida ainda mais restrita que exclui energia, alimentos, \u00e1lcool e tabaco, e observada de perto pelos mercados, mostrou que os pre\u00e7os subiram 1,0% na base mensal e 4,8% na anual.<br \/>\nO BCE quer manter a infla\u00e7\u00e3o em 2% e tem aumentado as taxas de juros para conter o crescimento dos pre\u00e7os<br \/>\nmuitas autoridades do banco j\u00e1 defenderam outro aumento de 0,75 ponto percentual em 27 de outubro, ap\u00f3s um total de 1,25 ponto em duas reuni\u00f5es, o ritmo mais r\u00e1pido de aperto da pol\u00edtica monet\u00e1ria pelo do BCE j\u00e1 registrado.<br \/>\nOs mercados v\u00eaem agora a taxa de dep\u00f3sito de 0,75% subindo para cerca de 2% at\u00e9 o final do ano, depois para cerca de 3%  antes de se estabilizar.<\/p>\n","protected":false},"excerpt":{"rendered":"<p>Nos \u00faltimos 12 meses, a alta dos pre\u00e7os j\u00e1 chegou a 9,9%. Infla\u00e7\u00e3o da zona do euro \u00e9 a maior em d\u00e9cadas Getty Images via BBC A infla\u00e7\u00e3o ao consumidor da zona do euro em setembro ficou levemente abaixo do que havia sido estimado anteriormente, de acordo com dados divulgados nesta quarta-feira (19), mas ainda<\/p>\n","protected":false},"author":1,"featured_media":11007,"comment_status":"open","ping_status":"open","sticky":false,"template":"","format":"standard","meta":{"om_disable_all_campaigns":false,"_monsterinsights_skip_tracking":false,"_monsterinsights_sitenote_active":false,"_monsterinsights_sitenote_note":"","_monsterinsights_sitenote_category":0,"footnotes":""},"categories":[43],"tags":[],"class_list":{"0":"post-11006","1":"post","2":"type-post","3":"status-publish","4":"format-standard","5":"has-post-thumbnail","7":"category-economia"},"_links":{"self":[{"href":"https:\/\/comandogeraldanoticia.com.br\/index.php\/wp-json\/wp\/v2\/posts\/11006","targetHints":{"allow":["GET"]}}],"collection":[{"href":"https:\/\/comandogeraldanoticia.com.br\/index.php\/wp-json\/wp\/v2\/posts"}],"about":[{"href":"https:\/\/comandogeraldanoticia.com.br\/index.php\/wp-json\/wp\/v2\/types\/post"}],"author":[{"embeddable":true,"href":"https:\/\/comandogeraldanoticia.com.br\/index.php\/wp-json\/wp\/v2\/users\/1"}],"replies":[{"embeddable":true,"href":"https:\/\/comandogeraldanoticia.com.br\/index.php\/wp-json\/wp\/v2\/comments?post=11006"}],"version-history":[{"count":0,"href":"https:\/\/comandogeraldanoticia.com.br\/index.php\/wp-json\/wp\/v2\/posts\/11006\/revisions"}],"wp:featuredmedia":[{"embeddable":true,"href":"https:\/\/comandogeraldanoticia.com.br\/index.php\/wp-json\/wp\/v2\/media\/11007"}],"wp:attachment":[{"href":"https:\/\/comandogeraldanoticia.com.br\/index.php\/wp-json\/wp\/v2\/media?parent=11006"}],"wp:term":[{"taxonomy":"category","embeddable":true,"href":"https:\/\/comandogeraldanoticia.com.br\/index.php\/wp-json\/wp\/v2\/categories?post=11006"},{"taxonomy":"post_tag","embeddable":true,"href":"https:\/\/comandogeraldanoticia.com.br\/index.php\/wp-json\/wp\/v2\/tags?post=11006"}],"curies":[{"name":"wp","href":"https:\/\/api.w.org\/{rel}","templated":true}]}}