{"id":11004,"date":"2022-10-19T10:13:02","date_gmt":"2022-10-19T10:13:02","guid":{"rendered":"https:\/\/comandogeraldanoticia.com.br\/index.php\/2022\/10\/19\/de-onde-vem-o-que-eu-como-tomate-e-mais-fruta-que-o-morango-e-sua-origem-nao-e-italiana\/"},"modified":"2022-10-19T10:13:02","modified_gmt":"2022-10-19T10:13:02","slug":"de-onde-vem-o-que-eu-como-tomate-e-mais-fruta-que-o-morango-e-sua-origem-nao-e-italiana","status":"publish","type":"post","link":"https:\/\/comandogeraldanoticia.com.br\/index.php\/2022\/10\/19\/de-onde-vem-o-que-eu-como-tomate-e-mais-fruta-que-o-morango-e-sua-origem-nao-e-italiana\/","title":{"rendered":"De onde vem o que eu como: tomate \u00e9 &#8216;mais&#8217; fruta que o morango e sua origem n\u00e3o \u00e9 italiana"},"content":{"rendered":"<p><img decoding=\"async\" src=\"https:\/\/s2.glbimg.com\/LPdJWY3Ht19e-j8yB1Q6tcTWEGE=\/i.s3.glbimg.com\/v1\/AUTH_59edd422c0c84a879bd37670ae4f538a\/internal_photos\/bs\/2022\/1\/J\/JW7d7fQjqBFe54gWRKXw\/dsc00344.jpg\"><br \/>   Alimento surgiu pertinho do Brasil e, embora esteja presente em muitos pratos salgados, ele n\u00e3o \u00e9 um legume. O g1 viajou at\u00e9 as cidades de Mogi Gua\u00e7u e Bragan\u00e7a Paulista, em S\u00e3o Paulo, para entender isso e mostrar a jornada do plantio \u00e0 mesa do consumidor.  De Onde Vem o tomate<br \/>\nPresente na alimenta\u00e7\u00e3o do brasileiro de muitas formas, o tomate \u00e9 uma esp\u00e9cie curiosa. Ele \u00e9 sens\u00edvel, \u00e9 considerado fruta e, ao contr\u00e1rio do que muitos pensam, sua origem \u00e9 sul-americana e n\u00e3o europeia.<br \/>\nNo v\u00eddeo acima, o g1 pega a estrada para detalhar essas e outras curiosidades, como quais s\u00e3o os tipos mais conhecidos e os &#8220;gourmet&#8221;, qual combina com qual receita, etc.<br \/>\nDE ONDE VEM: veja todos os v\u00eddeos da s\u00e9rie<br \/>\nGENTE DO CAMPO: conhe\u00e7a quem produz os alimentos que chegam at\u00e9 voc\u00ea<br \/>\nO tomate \u00e9 um ov\u00e1rio desenvolvido, que nasce ap\u00f3s a fecunda\u00e7\u00e3o da flor. Por isso, \u00e9 fruta, e n\u00e3o um legume. O morango, por sua vez, n\u00e3o vem de um ov\u00e1rio e sim do recept\u00e1culo floral. Ele \u00e9 o miolo da flor e, teoricamente, n\u00e3o \u00e9 considerado uma fruta.<br \/>\nCr\u00e9ditos do &#8220;De onde vem o que eu como&#8221;<br \/>\nCoordena\u00e7\u00e3o editorial: Luciana de Oliveira\u202f<br \/>\nEdi\u00e7\u00e3o e finaliza\u00e7\u00e3o: Luiz Franco<br \/>\nNarra\u00e7\u00e3o: Gabriela Gon\u00e7alves<br \/>\nReportagem: Darlan Helder<br \/>\nRoteiro: Darlan Helder, Luiz Franco e Mariana Mendicelli<br \/>\nCoordena\u00e7\u00e3o de v\u00eddeo: Tatiana Caldas e Mariana Mendicelli<br \/>\nCoordena\u00e7\u00e3o de arte: Guilherme Gomes<br \/>\nDire\u00e7\u00e3o de arte e ilustra\u00e7\u00f5es: Gabs, Vit\u00f3ria Coelho, Luisa Blanco e Wagner Magalh\u00e3es<br \/>\nFotografia: Luiz Franco<br \/>\nImagens de apoio: Ricardo Barbosa<br \/>\nMotion: Vit\u00f3ria Coelho e Ver\u00f4nica Medeiros<br \/>\nMotorista: Ricardo Barbosa<br \/>\nTomate do tipo rama<br \/>\nLuiz Franco\/g1<br \/>\nColheita de tomate em estufa na cidade de Mogi Gua\u00e7u<br \/>\nLuiz Franco\/g1<br \/>\nTomate do tipo grape amarelo<br \/>\nLuiz Franco\/g1<br \/>\nColheita de tomate sweet grape em estufa<br \/>\nLuiz Franco\/g1<br \/>\nTomates em exposi\u00e7\u00e3o na Sakata<br \/>\nLuiz Franco\/g1<br \/>\nAssista a mais epis\u00f3dios do De onde vem:<br \/>\nDe onde vem o que eu como: queijo<br \/>\nDe onde vem: batata &#8216;dorme&#8217; por meses e s\u00f3 suas netas v\u00e3o para os mercados<br \/>\nDe onde vem a rosa<br \/>\nDe onde vem o que eu como: laranja<br \/>\nDe onde vem o que eu como: salada toma &#8216;banho&#8217; com sab\u00e3o e pode at\u00e9 se &#8216;afogar&#8217;<br \/>\nDe onde vem o que eu como: banana<\/p>\n","protected":false},"excerpt":{"rendered":"<p>Alimento surgiu pertinho do Brasil e, embora esteja presente em muitos pratos salgados, ele n\u00e3o \u00e9 um legume. O g1 viajou at\u00e9 as cidades de Mogi Gua\u00e7u e Bragan\u00e7a Paulista, em S\u00e3o Paulo, para entender isso e mostrar a jornada do plantio \u00e0 mesa do consumidor. De Onde Vem o tomate Presente na alimenta\u00e7\u00e3o do<\/p>\n","protected":false},"author":1,"featured_media":11005,"comment_status":"open","ping_status":"open","sticky":false,"template":"","format":"standard","meta":{"om_disable_all_campaigns":false,"_monsterinsights_skip_tracking":false,"_monsterinsights_sitenote_active":false,"_monsterinsights_sitenote_note":"","_monsterinsights_sitenote_category":0,"footnotes":""},"categories":[43],"tags":[],"class_list":{"0":"post-11004","1":"post","2":"type-post","3":"status-publish","4":"format-standard","5":"has-post-thumbnail","7":"category-economia"},"_links":{"self":[{"href":"https:\/\/comandogeraldanoticia.com.br\/index.php\/wp-json\/wp\/v2\/posts\/11004","targetHints":{"allow":["GET"]}}],"collection":[{"href":"https:\/\/comandogeraldanoticia.com.br\/index.php\/wp-json\/wp\/v2\/posts"}],"about":[{"href":"https:\/\/comandogeraldanoticia.com.br\/index.php\/wp-json\/wp\/v2\/types\/post"}],"author":[{"embeddable":true,"href":"https:\/\/comandogeraldanoticia.com.br\/index.php\/wp-json\/wp\/v2\/users\/1"}],"replies":[{"embeddable":true,"href":"https:\/\/comandogeraldanoticia.com.br\/index.php\/wp-json\/wp\/v2\/comments?post=11004"}],"version-history":[{"count":0,"href":"https:\/\/comandogeraldanoticia.com.br\/index.php\/wp-json\/wp\/v2\/posts\/11004\/revisions"}],"wp:featuredmedia":[{"embeddable":true,"href":"https:\/\/comandogeraldanoticia.com.br\/index.php\/wp-json\/wp\/v2\/media\/11005"}],"wp:attachment":[{"href":"https:\/\/comandogeraldanoticia.com.br\/index.php\/wp-json\/wp\/v2\/media?parent=11004"}],"wp:term":[{"taxonomy":"category","embeddable":true,"href":"https:\/\/comandogeraldanoticia.com.br\/index.php\/wp-json\/wp\/v2\/categories?post=11004"},{"taxonomy":"post_tag","embeddable":true,"href":"https:\/\/comandogeraldanoticia.com.br\/index.php\/wp-json\/wp\/v2\/tags?post=11004"}],"curies":[{"name":"wp","href":"https:\/\/api.w.org\/{rel}","templated":true}]}}