{"id":10792,"date":"2022-10-18T15:14:58","date_gmt":"2022-10-18T15:14:58","guid":{"rendered":"https:\/\/comandogeraldanoticia.com.br\/index.php\/2022\/10\/18\/ppac-realiza-oficinas-educativas-em-escolas-da-costa\/"},"modified":"2022-10-18T15:14:58","modified_gmt":"2022-10-18T15:14:58","slug":"ppac-realiza-oficinas-educativas-em-escolas-da-costa","status":"publish","type":"post","link":"https:\/\/comandogeraldanoticia.com.br\/index.php\/2022\/10\/18\/ppac-realiza-oficinas-educativas-em-escolas-da-costa\/","title":{"rendered":"PPAC realiza oficinas educativas em escolas da costa"},"content":{"rendered":"<p>Mais duas oficinas educativas ser\u00e3o realizadas nesta quarta-feira (19\/10) pelo Grupo de Trabalho Coordenador (GTC) da 7\u00aa edi\u00e7\u00e3o do Programa Prefeito Amigo da Crian\u00e7a (PPAC). Pela manh\u00e3, a partir das 9h, ser\u00e1 no Centro Educacional Barra do Pojuca, e pela tarde, a partir das 14h, na Escola Municipal Am\u00e9rico Ferreira dos Santos, ambas na Costa de Cama\u00e7ari.<\/p>\n<p>A iniciativa faz parte do cronograma de a\u00e7\u00f5es previstas pelo GTC, e deve atingir uma m\u00e9dia de 400 alunos, do 7\u00b0 ao 9\u00b0 ano, com idades entre 12 e 14 anos. Ela ainda tem o objetivo de sensibilizar jovens entre 12 e 17 anos para atuarem como multiplicadores da agenda do F\u00f3rum Municipal do Adolescente, que ser\u00e1 promovido pela prefeitura em novembro de 2022.<\/p>\n<p>Desta vez, s\u00e3o parceiros da a\u00e7\u00e3o as secretarias de Rela\u00e7\u00f5es Institucionais (Serin), do Esporte, Lazer e Juventude (Sejuv) e da Cultura (Secult), al\u00e9m da empresa Limpeza P\u00fablica de Cama\u00e7ari (Limpec), Conselho Tutelar (CT) e Centro de Integra\u00e7\u00e3o Empresa-Escola (CIEE).<\/p>\n","protected":false},"excerpt":{"rendered":"<p>Mais duas oficinas educativas ser\u00e3o realizadas nesta quarta-feira (19\/10) pelo Grupo de Trabalho Coordenador (GTC) da 7\u00aa edi\u00e7\u00e3o do Programa Prefeito Amigo da Crian\u00e7a (PPAC). Pela manh\u00e3, a partir das 9h, ser\u00e1 no Centro Educacional Barra do Pojuca, e pela tarde, a partir das 14h, na Escola Municipal Am\u00e9rico Ferreira dos Santos, ambas na Costa<\/p>\n","protected":false},"author":1,"featured_media":10793,"comment_status":"open","ping_status":"open","sticky":false,"template":"","format":"standard","meta":{"om_disable_all_campaigns":false,"_monsterinsights_skip_tracking":false,"_monsterinsights_sitenote_active":false,"_monsterinsights_sitenote_note":"","_monsterinsights_sitenote_category":0,"footnotes":""},"categories":[40],"tags":[],"class_list":{"0":"post-10792","1":"post","2":"type-post","3":"status-publish","4":"format-standard","5":"has-post-thumbnail","7":"category-camacari"},"_links":{"self":[{"href":"https:\/\/comandogeraldanoticia.com.br\/index.php\/wp-json\/wp\/v2\/posts\/10792","targetHints":{"allow":["GET"]}}],"collection":[{"href":"https:\/\/comandogeraldanoticia.com.br\/index.php\/wp-json\/wp\/v2\/posts"}],"about":[{"href":"https:\/\/comandogeraldanoticia.com.br\/index.php\/wp-json\/wp\/v2\/types\/post"}],"author":[{"embeddable":true,"href":"https:\/\/comandogeraldanoticia.com.br\/index.php\/wp-json\/wp\/v2\/users\/1"}],"replies":[{"embeddable":true,"href":"https:\/\/comandogeraldanoticia.com.br\/index.php\/wp-json\/wp\/v2\/comments?post=10792"}],"version-history":[{"count":0,"href":"https:\/\/comandogeraldanoticia.com.br\/index.php\/wp-json\/wp\/v2\/posts\/10792\/revisions"}],"wp:featuredmedia":[{"embeddable":true,"href":"https:\/\/comandogeraldanoticia.com.br\/index.php\/wp-json\/wp\/v2\/media\/10793"}],"wp:attachment":[{"href":"https:\/\/comandogeraldanoticia.com.br\/index.php\/wp-json\/wp\/v2\/media?parent=10792"}],"wp:term":[{"taxonomy":"category","embeddable":true,"href":"https:\/\/comandogeraldanoticia.com.br\/index.php\/wp-json\/wp\/v2\/categories?post=10792"},{"taxonomy":"post_tag","embeddable":true,"href":"https:\/\/comandogeraldanoticia.com.br\/index.php\/wp-json\/wp\/v2\/tags?post=10792"}],"curies":[{"name":"wp","href":"https:\/\/api.w.org\/{rel}","templated":true}]}}